{"id":1230,"date":"2022-10-18T13:27:50","date_gmt":"2022-10-18T11:27:50","guid":{"rendered":"https:\/\/www.monapart.com\/magazine\/?p=1230"},"modified":"2025-03-27T10:38:34","modified_gmt":"2025-03-27T09:38:34","slug":"marta-alonso-connectant-amb-lorigen","status":"publish","type":"post","link":"https:\/\/www.monapart.com\/magazine\/ca\/hogar\/marta-alonso-conectando-con-el-origen","title":{"rendered":"Marta Alonso: connectant amb l&#039;origen"},"content":{"rendered":"<h1 class=\"wp-block-heading\">Marta Alonso: connectant amb l&#039;origen<\/h1>\n\n\n\n<h2 class=\"wp-block-heading\">Per a ella, la joieria i l&#039;interiorisme tamb\u00e9 s\u00f3n un acte d&#039;autocura i d&#039;amor a un mateix.<\/h2>\n\n\n<div class='post-info'>18 d&#039;octubre del 2022 per <a href='https:\/\/www.monapart.com\/magazine\/ca\/autor\/monapart'>Monapart<\/a><\/div>\n\n\n\n<figure class=\"wp-block-image\"><img loading=\"lazy\" decoding=\"async\" width=\"960\" height=\"999\" src=\"https:\/\/www.monapart.com\/magazine\/wp-content\/uploads\/2022\/10\/marta-alonso-monapart.jpeg\" alt=\"Marta Alonso: connectant amb l?origen | Monapart \" class=\"wp-image-1231\" title=\"marta-alonso-monapart\" srcset=\"https:\/\/www.monapart.com\/magazine\/wp-content\/uploads\/2022\/10\/marta-alonso-monapart.jpeg 960w, https:\/\/www.monapart.com\/magazine\/wp-content\/uploads\/2022\/10\/marta-alonso-monapart-288x300.jpeg 288w, https:\/\/www.monapart.com\/magazine\/wp-content\/uploads\/2022\/10\/marta-alonso-monapart-768x799.jpeg 768w\" sizes=\"auto, (max-width: 960px) 100vw, 960px\" \/><\/figure>\n\n\n\n<p>Fotografia de Mario Wurzbuger<\/p>\n\n\n\n<h3 class=\"wp-block-heading\">Interiorista de professi\u00f3 i des de fa uns anys, joiera. De Marta Alonso diuen que t\u00e9 \u00e0nima d&#039;artista, i com no dir-ho! I \u00e9s que la seva ment curiosa, la seva inquietud pel treball artesanal, el seu amor per l&#039;art i l&#039;artesania, per viatjar i con\u00e8ixer noves cultures i sensibilitat, la connecten amb la necessitat de crear.\u00a0<\/h3>\n\n\n\n<h5 class=\"wp-block-heading has-medium-font-size\"><strong>Parla&#039;ns de tu i de la teva feina. On va n\u00e9ixer la teva vocaci\u00f3? Algun primer record?<\/strong><\/h5>\n\n\n\n<p>Em presento, s\u00f3c <a href=\"https:\/\/www.instagram.com\/martaalonso.design\/\" target=\"_blank\" rel=\"noreferrer noopener\">Marta Alonso<\/a> interiorista i joiera de Barcelona. S\u00f3c molt inquieta. M&#039;encanta viatjar, con\u00e8ixer altres cultures i la creaci\u00f3 art\u00edstica. De petita sempre anava creant coses i dibuixant. La meva disl\u00e8xia sempre em va portar a la part creativa i art\u00edstica i aix\u00ed va ser com vaig decidir estudiar disseny a l&#039;escola Elisava. Recordo que el primer any et mostraven les diferents disciplines: gr\u00e0fic, producte, interiorisme\u2026 i de seguida vaig saber que l&#039;interiorisme era all\u00f2 meu. Modificar un espai, dignificar-lo, magnificar all\u00f2 que el caracteritza, aportar-hi personalitat\u2026 \u00e9s el que m\u00e9s em fascina. I des de llavors no he parat.<\/p>\n\n\n\n<p>Per\u00f2 aqu\u00ed no s&#039;acaba la meva hist\u00f2ria. Despr\u00e9s d&#039;estar treballant durant 15 anys en diferents estudis d&#039;interiorisme de Barcelona, xopar-me d&#039;experi\u00e8ncies diverses, clients interessants, etc. el 2016 faig el viatge de la meva vida: me&#039;n vaig al Jap\u00f3 i all\u00e0 tot canvia. A la meva tornada decideixo donar-me el temps i l&#039;espai que la meva part interior em demana i donar veu a la meva creativitat. I aix\u00ed va ser, vaig crear el meu propi estudi de disseny d&#039;interiors i vaig llan\u00e7ar la meva marca personal de joieria on gaudeixo creant amb plena llibertat.<\/p>\n\n\n\n<blockquote class=\"wp-block-quote alignleft is-layout-flow wp-block-quote-is-layout-flow\">\n<p>&quot;Per mi, l&#039;interiorisme i la joieria s\u00f3n un acte d&#039;autocura i d&#039;amor cap a un mateix.&quot;<\/p>\n<\/blockquote>\n\n\n\n<p><\/p>\n\n\n\n<p><\/p>\n\n\n\n<h5 class=\"wp-block-heading has-medium-font-size\"><strong>Qu\u00e8 \u00e9s el que m\u00e9s et satisf\u00e0 de la teva feina? Alg\u00fa del que et sentis especialment orgullosa?<\/strong><\/h5>\n\n\n\n<p>Crear un espai que parli de qui l&#039;habitar\u00e0, que el representi. Trobar aquest equilibri i harmonia dels materials i les formes. I pensar una bona il\u00b7luminaci\u00f3 que s&#039;adapti a cada estat an\u00edmic. \u00c9s un b\u00e0sic per a un bon interiorisme, tant residencial com a comercial.<\/p>\n\n\n\n<p>Un projecte residencial del qual em sento orgullosa \u00e9s la reforma del pis Diagonal. Els clients van ser fant\u00e0stics. Tenien molt clar el que volien, per\u00f2 el millor de tot, deixant llibertat per proposar-los opcions que els va portar a tenir un espai on ara se senten feli\u00e7os. I com a una altra casa!, em diuen. Feia 35 anys que vivien a la casa. Em va encantar quan m&#039;ho explicaven. Sentien que havien rejovenit.<\/p>\n\n\n\n<p>A m\u00e9s, pensar en interiors que duraran en el temps \u00e9s un aspecte que cal tenir en consideraci\u00f3, perqu\u00e8 s&#039;alinea amb la meva filosofia de cuidar el nostre planeta i la sostenibilitat.<\/p>\n\n\n\n<figure class=\"wp-block-image\"><img loading=\"lazy\" decoding=\"async\" width=\"600\" height=\"428\" src=\"https:\/\/www.monapart.com\/magazine\/wp-content\/uploads\/2022\/10\/marta-alonso-monapart-3.png\" alt=\"Marta Alonso: connectant amb l?origen | Monapart \" class=\"wp-image-1232\" title=\"marta-alonso-monapart-3\" srcset=\"https:\/\/www.monapart.com\/magazine\/wp-content\/uploads\/2022\/10\/marta-alonso-monapart-3.png 600w, https:\/\/www.monapart.com\/magazine\/wp-content\/uploads\/2022\/10\/marta-alonso-monapart-3-300x214.png 300w\" sizes=\"auto, (max-width: 600px) 100vw, 600px\" \/><\/figure>\n\n\n\n<p>Fotografies de Mario Wurzbuger<\/p>\n\n\n\n<h5 class=\"wp-block-heading has-medium-font-size\"><strong>Com \u00e9s el teu proc\u00e9s creatiu? Quines s\u00f3n les fonts d&#039;inspiraci\u00f3? Alguna m\u00fasica especialment mentre treballes?<\/strong><\/h5>\n\n\n\n<p>Abans de comen\u00e7ar a projectar, sempre els faig preguntes i tinc un primer intercanvi amb el client, aix\u00ed em faig una idea de com s\u00f3n, qu\u00e8 els mou i qu\u00e8 els atrau. Amb aix\u00f2 ja es comencen a construir imatges de textures i aspecte. Despr\u00e9s passo al proc\u00e9s de dibuix i ordre. Amb aix\u00f2 ja visualitzo imatges, textures\u2026 Dibuixo sobre pla, busco la funcionalitat i ordre a l&#039;espai, la incid\u00e8ncia de llum natural\u2026 Mentre faig aquest proc\u00e9s, les textures, materials, il\u00b7luminaci\u00f3 i mobles van agafant forma. M&#039;agrada tenir mostres f\u00edsiques de materials per anar-les ajuntant i veient com es va gestant el to del projecte.<\/p>\n\n\n\n<p>Tinc molta influ\u00e8ncia pel Jap\u00f3, pa\u00efsos n\u00f2rdics i el disseny racionalista catal\u00e0. Aquestes refer\u00e8ncies s\u00f3n sempre molt presents. Per\u00f2 moltes vegades, visitar una exposici\u00f3, anar a una ciutat i viure espais genu\u00efns s\u00f3n impulsors d&#039;inspiraci\u00f3.<\/p>\n\n\n\n<p>M&#039;acompanya molt jazz, una mica de m\u00fasica cl\u00e0ssica i algun grup actual m\u00e9s aviat independent (<em>Thievery Corporation<\/em>, <em>Quantic, Khruangbin<\/em>, etc) dep\u00e8n del que estigui fent, escolto un o altre.<\/p>\n\n\n\n<figure class=\"wp-block-embed is-type-rich is-provider-spotify wp-block-embed-spotify wp-embed-aspect-21-9 wp-has-aspect-ratio\"><div class=\"wp-block-embed__wrapper\">\n<iframe title=\"Spotify Embed: Thievery Corporation\" style=\"border-radius: 12px\" width=\"100%\" height=\"352\" frameborder=\"0\" allowfullscreen allow=\"autoplay; clipboard-write; encrypted-media; fullscreen; picture-in-picture\" loading=\"lazy\" src=\"https:\/\/open.spotify.com\/embed\/artist\/25KNo5GDS6ZpLkjasaecA3?si=Zq0f12ZYRQWCiDSzd1oOwQ&#038;utm_source=oembed\"><\/iframe>\n<\/div><\/figure>\n\n\n\n<h5 class=\"wp-block-heading has-medium-font-size\"><strong>Color, llibre, pel\u00b7li i disc favorits. Per aquest ordre! ;D<\/strong><\/h5>\n\n\n\n<p>M&#039;agrada molt el verd\/blau grisenc, per la seva serenitat i el blanc trencat sempre hi \u00e9s present.&nbsp;<\/p>\n\n\n\n<p>Llibre, ui! em costar\u00e0 decidir-me. Mira, el que he llegit fa poc i m&#039;ha aportat molt: <em>Un tractat d&#039;est\u00e8tica japonesa<\/em> de Donald Richie.<\/p>\n\n\n\n<figure class=\"wp-block-image\"><img loading=\"lazy\" decoding=\"async\" width=\"960\" height=\"368\" src=\"https:\/\/www.monapart.com\/magazine\/wp-content\/uploads\/2022\/10\/un_tratado_de_estetica_japonesa1.jpeg\" alt=\"Marta Alonso: connectant amb l?origen | Monapart \" class=\"wp-image-1233\" title=\"un_tractat_d&#039;estetica_japonesa_monapart\" srcset=\"https:\/\/www.monapart.com\/magazine\/wp-content\/uploads\/2022\/10\/un_tratado_de_estetica_japonesa1.jpeg 960w, https:\/\/www.monapart.com\/magazine\/wp-content\/uploads\/2022\/10\/un_tratado_de_estetica_japonesa1-300x115.jpeg 300w, https:\/\/www.monapart.com\/magazine\/wp-content\/uploads\/2022\/10\/un_tratado_de_estetica_japonesa1-768x294.jpeg 768w\" sizes=\"auto, (max-width: 960px) 100vw, 960px\" \/><\/figure>\n\n\n\n<p><em>Primavera, estiu, tardor, hivern\u2026 i primavera<\/em>. Kim Ki-duc, quan la vaig veure a la seva \u00e8poca em va encantar per la seva senzillesa i profunditat.<\/p>\n\n\n\n<p><em>In a Silent Way<\/em> de Miles Davis, una del\u00edcia.<\/p>\n\n\n\n<h5 class=\"wp-block-heading has-medium-font-size\"><strong>\u00c9s casa teva reflex de qui ets? Explica&#039;ns a qu\u00e8 fa olor, el teu rac\u00f3 favorit, el teu objecte decoratiu o moble fetitxe, si atresores alguna col\u00b7lecci\u00f3\u2026 I si tens mascota, presenta&#039;ns-la!<\/strong><\/h5>\n\n\n\n<p>S\u00ed, casa meva \u00e9s molt jo. Ara visc en un pis t\u00edpic del modernisme (motllures, terra hidr\u00e0ulic i sostres alts), per\u00f2 al barri de Gr\u00e0cia. Aquests elements parlen de la meva necessitat de respectar la identitat de lespai i, alhora, li d\u00f3na riquesa visual. Aix\u00f2 em permet aportar mobles m\u00e9s neutres, algun amb m\u00e9s personalitat, llums per a cada ocasi\u00f3 (que m&#039;encanten) i una gran llibreria.&nbsp;<\/p>\n\n\n\n<p>M?agrada envoltar-me d?objectes de disseny o creacions d?artesans que m?enamoren. Alguna fotografia del meu viatge al Jap\u00f3 i algun miniprint de la Galeria MiniPrint de Cadaqu\u00e9s. M?encanta la galerista que la porta, una dona molt interessant i aut\u00e8ntica, recomano visitar l?exposici\u00f3 que fan cada estiu.<\/p>\n\n\n\n<p>M&#039;acompanyen tamb\u00e9 els meus dos gats, la Ume i la Silvestre. Em fan riure cada dos per tres, per les cares i els posis. Grans mestres de l&#039;observaci\u00f3, calma i d&#039;entendre que est\u00e0 b\u00e9 no fer res, un gran recordatori molt aconsellable per a la societat tan estressada on vivim.<\/p>\n\n\n\n<figure class=\"wp-block-image\"><img loading=\"lazy\" decoding=\"async\" width=\"960\" height=\"710\" src=\"https:\/\/www.monapart.com\/magazine\/wp-content\/uploads\/2022\/10\/marta_alonso_casa_rincon-cmario_wurzburger.jpg\" alt=\"Marta Alonso: connectant amb l?origen | Monapart \" class=\"wp-image-1234\" title=\"marta-alonso-monapart-3.\" srcset=\"https:\/\/www.monapart.com\/magazine\/wp-content\/uploads\/2022\/10\/marta_alonso_casa_rincon-cmario_wurzburger.jpg 960w, https:\/\/www.monapart.com\/magazine\/wp-content\/uploads\/2022\/10\/marta_alonso_casa_rincon-cmario_wurzburger-300x222.jpg 300w, https:\/\/www.monapart.com\/magazine\/wp-content\/uploads\/2022\/10\/marta_alonso_casa_rincon-cmario_wurzburger-768x568.jpg 768w\" sizes=\"auto, (max-width: 960px) 100vw, 960px\" \/><\/figure>\n\n\n\n<p>Fotografia de Mario Wurzbuger<\/p>\n\n\n\n<p>El llum de Objekto i algunes de les fotos del viatge al Jap\u00f3 i la cadira Thonet, un cl\u00e0ssic.<\/p>\n\n\n\n<figure class=\"wp-block-image\"><img loading=\"lazy\" decoding=\"async\" width=\"960\" height=\"1356\" src=\"https:\/\/www.monapart.com\/magazine\/wp-content\/uploads\/2022\/10\/detalles_casa_marta_alonso.jpeg\" alt=\"Marta Alonso: connectant amb l?origen | Monapart \" class=\"wp-image-1235\" title=\"marta-alonso-monapart-4\" srcset=\"https:\/\/www.monapart.com\/magazine\/wp-content\/uploads\/2022\/10\/detalles_casa_marta_alonso.jpeg 960w, https:\/\/www.monapart.com\/magazine\/wp-content\/uploads\/2022\/10\/detalles_casa_marta_alonso-212x300.jpeg 212w, https:\/\/www.monapart.com\/magazine\/wp-content\/uploads\/2022\/10\/detalles_casa_marta_alonso-725x1024.jpeg 725w, https:\/\/www.monapart.com\/magazine\/wp-content\/uploads\/2022\/10\/detalles_casa_marta_alonso-768x1085.jpeg 768w\" sizes=\"auto, (max-width: 960px) 100vw, 960px\" \/><\/figure>\n\n\n\n<p>L\u00e0mpada TMM de Santa And Cole, print de Drawnfeeling alguna pe\u00e7a d&#039;artesania i en primer pla Silvestre.<\/p>\n\n\n\n<h5 class=\"wp-block-heading has-medium-font-size\"><strong>Si poguessis comprar-te qualsevol cosa ara mateix i emportar-te-la a casa, quina seria? Qualsevol cosa!<\/strong><\/h5>\n\n\n\n<p>Un Rothko, Chillida o Brancusi em fascinaria!<\/p>\n\n\n\n<figure class=\"wp-block-image\"><img loading=\"lazy\" decoding=\"async\" width=\"600\" height=\"428\" src=\"https:\/\/www.monapart.com\/magazine\/wp-content\/uploads\/2022\/10\/marta-alonso-monapart-5.png\" alt=\"Marta Alonso: connectant amb l?origen | Monapart \" class=\"wp-image-1236\" title=\"marta-alonso-monapart-5\" srcset=\"https:\/\/www.monapart.com\/magazine\/wp-content\/uploads\/2022\/10\/marta-alonso-monapart-5.png 600w, https:\/\/www.monapart.com\/magazine\/wp-content\/uploads\/2022\/10\/marta-alonso-monapart-5-300x214.png 300w\" sizes=\"auto, (max-width: 600px) 100vw, 600px\" \/><\/figure>\n\n\n\n<h2 class=\"wp-block-heading has-medium-font-size\"><strong>Un pla a casa sempre inclou\u2026<\/strong><\/h2>\n\n\n\n<p>M\u00fasica i rialles amb els amics.<\/p>\n\n\n\n<h2 class=\"wp-block-heading has-medium-font-size\"><strong>Tens algun plat estrella?<\/strong><\/h2>\n\n\n\n<p>No s\u00f3c gaire de cuinar, i el que faig \u00e9s molt b\u00e0sic, un wok de curri, per exemple.<\/p>\n\n\n\n<h2 class=\"wp-block-heading has-medium-font-size\"><strong>Quin \u00e9s el teu lloc preferit a la teva ciutat? I a l&#039;estranger?<\/strong><\/h2>\n\n\n\n<p>La Fundaci\u00f3 Mir\u00f3 de Barcelona.<\/p>\n\n\n\n<p>Museum of contemporary art of Teshima a l&#039;Illa de Teshima, Jap\u00f3.<\/p>\n\n\n\n<figure class=\"wp-block-image\"><img loading=\"lazy\" decoding=\"async\" width=\"960\" height=\"224\" src=\"https:\/\/www.monapart.com\/magazine\/wp-content\/uploads\/2022\/10\/marta-alonso-inspiracion-teshima-art-museum-building.jpeg\" alt=\"Marta Alonso: connectant amb l?origen | Monapart \" class=\"wp-image-1237\" title=\"marta-alonso-monapart-6\" srcset=\"https:\/\/www.monapart.com\/magazine\/wp-content\/uploads\/2022\/10\/marta-alonso-inspiracion-teshima-art-museum-building.jpeg 960w, https:\/\/www.monapart.com\/magazine\/wp-content\/uploads\/2022\/10\/marta-alonso-inspiracion-teshima-art-museum-building-300x70.jpeg 300w, https:\/\/www.monapart.com\/magazine\/wp-content\/uploads\/2022\/10\/marta-alonso-inspiracion-teshima-art-museum-building-768x179.jpeg 768w\" sizes=\"auto, (max-width: 960px) 100vw, 960px\" \/><\/figure>\n\n\n\n<h5 class=\"wp-block-heading has-medium-font-size\"><strong>Cosa que ens vulguis explicar i que no t&#039;haguem preguntat. Parla ara o calla per sempre!<\/strong><\/h5>\n\n\n\n<p>La meva part joiera, sobretot l&#039;art\u00edstica i d&#039;autor. M&#039;encanta crear peces de joieria contempor\u00e0nia, dono curs a la meva creativitat. Algunes d&#039;aquestes peces contempor\u00e0nies estan exposades a la Galeria Siesta de Barcelona.<\/p>\n\n\n\n<p>Us convido a visitar el meu <a href=\"https:\/\/www.martaalonsojewels.com\/\" target=\"_blank\" rel=\"noreferrer noopener\">web de joieria<\/a> perqu\u00e8 vegeu la meva faceta joiera.<\/p>\n\n\n\n<figure class=\"wp-block-image\"><img loading=\"lazy\" decoding=\"async\" width=\"960\" height=\"641\" src=\"https:\/\/www.monapart.com\/magazine\/wp-content\/uploads\/2022\/10\/marta-alonso-joyas-detalle-geodesic-verde-medeastudio.jpeg\" alt=\"Marta Alonso: connectant amb l?origen | Monapart \" class=\"wp-image-1238\" title=\"marta-alonso-monapart-7\" srcset=\"https:\/\/www.monapart.com\/magazine\/wp-content\/uploads\/2022\/10\/marta-alonso-joyas-detalle-geodesic-verde-medeastudio.jpeg 960w, https:\/\/www.monapart.com\/magazine\/wp-content\/uploads\/2022\/10\/marta-alonso-joyas-detalle-geodesic-verde-medeastudio-300x200.jpeg 300w, https:\/\/www.monapart.com\/magazine\/wp-content\/uploads\/2022\/10\/marta-alonso-joyas-detalle-geodesic-verde-medeastudio-768x513.jpeg 768w\" sizes=\"auto, (max-width: 960px) 100vw, 960px\" \/><\/figure>\n\n\n\n<p>Fotografia Medea Studio<\/p>\n\n\n\n<h3 class=\"wp-block-heading\">Marta Alonso \u00e9s l&#039;equilibri perfecte entre l&#039;art i la funcionalitat, entre la tradici\u00f3 i la innovaci\u00f3. La seva passi\u00f3 per l&#039;interiorisme i la joieria reflecteix la forma d&#039;entendre la bellesa: com un acte d&#039;autocura, respecte pels materials i connexi\u00f3 amb les emocions. Ja sigui dissenyant un espai o creant una pe\u00e7a \u00fanica, la seva sensibilitat i la seva visi\u00f3 fan que cada projecte expliqui una hist\u00f2ria. Perqu\u00e8, al final, crear \u00e9s la seva manera de ser al m\u00f3n.<\/h3>\n\n\n\n<p><\/p>","protected":false},"excerpt":{"rendered":"<p>Marta Alonso: conectando con el origen Para ella, la joyer\u00eda y tambi\u00e9n el interiorismo son un\u00a0acto de autocuidado y de amor a uno mismo. Fotograf\u00eda de Mario Wurzbuger Interiorista de profesi\u00f3n y desde hace unos a\u00f1os, joyera. De Marta Alonso dicen que tiene alma de artista, \u00a1y c\u00f3mo no decirlo! Y es que su mente [&hellip;]<\/p>\n","protected":false},"author":3,"featured_media":1239,"comment_status":"closed","ping_status":"closed","sticky":false,"template":"","format":"standard","meta":{"_acf_changed":false,"footnotes":""},"categories":[2844,2845],"tags":[2868,2870,2871],"class_list":["post-1230","post","type-post","status-publish","format-standard","has-post-thumbnail","hentry","category-hogar","category-mi-monapart","tag-arte","tag-diseno","tag-interiorismo"],"acf":[],"_links":{"self":[{"href":"https:\/\/www.monapart.com\/magazine\/ca\/wp-json\/wp\/v2\/posts\/1230","targetHints":{"allow":["GET"]}}],"collection":[{"href":"https:\/\/www.monapart.com\/magazine\/ca\/wp-json\/wp\/v2\/posts"}],"about":[{"href":"https:\/\/www.monapart.com\/magazine\/ca\/wp-json\/wp\/v2\/types\/post"}],"author":[{"embeddable":true,"href":"https:\/\/www.monapart.com\/magazine\/ca\/wp-json\/wp\/v2\/users\/3"}],"replies":[{"embeddable":true,"href":"https:\/\/www.monapart.com\/magazine\/ca\/wp-json\/wp\/v2\/comments?post=1230"}],"version-history":[{"count":0,"href":"https:\/\/www.monapart.com\/magazine\/ca\/wp-json\/wp\/v2\/posts\/1230\/revisions"}],"wp:featuredmedia":[{"embeddable":true,"href":"https:\/\/www.monapart.com\/magazine\/ca\/wp-json\/wp\/v2\/media\/1239"}],"wp:attachment":[{"href":"https:\/\/www.monapart.com\/magazine\/ca\/wp-json\/wp\/v2\/media?parent=1230"}],"wp:term":[{"taxonomy":"category","embeddable":true,"href":"https:\/\/www.monapart.com\/magazine\/ca\/wp-json\/wp\/v2\/categories?post=1230"},{"taxonomy":"post_tag","embeddable":true,"href":"https:\/\/www.monapart.com\/magazine\/ca\/wp-json\/wp\/v2\/tags?post=1230"}],"curies":[{"name":"wp","href":"https:\/\/api.w.org\/{rel}","templated":true}]}}