{"id":1222,"date":"2022-10-03T12:27:09","date_gmt":"2022-10-03T10:27:09","guid":{"rendered":"https:\/\/www.monapart.com\/magazine\/?p=1222"},"modified":"2025-06-20T12:39:38","modified_gmt":"2025-06-20T10:39:38","slug":"taller-silvestre-pura-naturalesa-a-casa-teva","status":"publish","type":"post","link":"https:\/\/www.monapart.com\/magazine\/ca\/hogar\/taller-silvestre-pura-naturaleza-en-tu-hogar","title":{"rendered":"Taller Silvestre: pura naturalesa a casa teva"},"content":{"rendered":"<h1 class=\"wp-block-heading\">Taller Silvestre: pura naturalesa a casa teva<\/h1>\n\n\n\n<h2 class=\"wp-block-heading\">Artesania, naturalesa i bellesa en estat pur.<\/h2>\n\n\n<div class='post-info'>3 d&#039;octubre del 2022 per <a href='https:\/\/www.monapart.com\/magazine\/ca\/autor\/monapart'>Monapart<\/a><\/div>\n\n\n\n<figure class=\"wp-block-image\"><img loading=\"lazy\" decoding=\"async\" width=\"600\" height=\"428\" src=\"https:\/\/www.monapart.com\/magazine\/wp-content\/uploads\/2022\/10\/entrevista_taller_silvestre_monapart.png\" alt=\"Taller Silvestre: pura naturalesa a casa teva | Monapart \" class=\"wp-image-1223\" title=\"entrevista_taller_silvestre_monapart\"\/><\/figure>\n\n\n\n<h3 class=\"wp-block-heading\">Des de Taller Silvestre celebren la bellesa de la natura i la vida simple. Les mans que hi ha al darrere s\u00f3n recol\u00b7lectores de la flora silvestre perqu\u00e8 a casa nostra no falti mai aquest toc de bosc i natura. Ens ofereixen productes creats a base de processos lents i naturals. Con\u00e8ixer-les \u00e9s com aturar lleugerament el temps, com un passeig pel camp al capvespre a qui est\u00e0s convidat llegint l&#039;entrevista que els vam fer des de Monapart.<\/h3>\n\n\n\n<h5 class=\"wp-block-heading has-medium-font-size\"><strong>Parleu-nos de vosaltres i la vostra feina. On va n\u00e9ixer la vostra vocaci\u00f3? Algun primer record?<\/strong><\/h5>\n\n\n\n<p><a href=\"https:\/\/tallersilvestre.com\/\" target=\"_blank\" rel=\"noreferrer noopener\">Taller Silvestre<\/a> \u00e9s un projecte d&#039;artesania contempor\u00e0nia. Peces \u00faniques per a la casa realitzades a m\u00e0, amb un disseny atemporal. La bellesa de la imperfecci\u00f3, la fragilitat, all\u00f2 ingenu i subtil. La nostra feina parteix del bosc, del que recol\u00b7lectem. La naturalesa \u00e9s present a cada pe\u00e7a. Ens agrada tenir la pres\u00e8ncia de l\u00b4estaci\u00f3 dins de casa, ens fa sentir que estem vius, que pertanyem a la terra. I intentem portar-lo a cada pe\u00e7a de la col\u00b7lecci\u00f3. Portar el bosc a casa \u00e9s la nostra feina, la nostra manera d&#039;expressar.&nbsp;<\/p>\n\n\n\n<p>Recollim plantes i flors per treballar en diversos \u00e0mbits: la composici\u00f3 floral i els tints bot\u00e0nics. Recollim, premsem i classifiquem plantes silvestres i componem paisatges. Cada pe\u00e7a evoca un paisatge, una estaci\u00f3 de l?any, un record. Tamb\u00e9 tintem amb els colors de les plantes. \u00c9s un proc\u00e9s llarg i lent, respectu\u00f3s amb la pe\u00e7a i el medi ambient, gaireb\u00e9 un ritual. Els colors que s&#039;obtenen s\u00f3n delicats, especials i plens de matisos, que permeten apreciar el color d&#039;una manera molt m\u00e9s profunda, ressaltant la textura dels teixits.&nbsp;<\/p>\n\n\n\n<figure class=\"wp-block-image\"><img loading=\"lazy\" decoding=\"async\" width=\"600\" height=\"428\" src=\"https:\/\/www.monapart.com\/magazine\/wp-content\/uploads\/2022\/10\/entrevista_taller_silvestre_monapart_8.png\" alt=\"Taller Silvestre: pura naturalesa a casa teva | Monapart\" class=\"wp-image-1224\" title=\"entrevista_taller_silvestre_monapart_8\" srcset=\"https:\/\/www.monapart.com\/magazine\/wp-content\/uploads\/2022\/10\/entrevista_taller_silvestre_monapart_8.png 600w, https:\/\/www.monapart.com\/magazine\/wp-content\/uploads\/2022\/10\/entrevista_taller_silvestre_monapart_8-300x214.png 300w\" sizes=\"auto, (max-width: 600px) 100vw, 600px\" \/><\/figure>\n\n\n\n<p>El nostre projecte s&#039;enriqueix amb col\u00b7laboracions de diferents gremis (cer\u00e0mica, cistelleria\u2026) Volem donar valor als oficis, recuperar les tradicions per assegurar un futur sostenible. \u00c9s una part important per a nosaltres, les col\u00b7laboracions amb altres artesans i artistes, que ens permeten treballar amb altres oficis, aprendre, cr\u00e9ixer\u2026 No considerem que all\u00f2 que fem parteixi d&#039;una \u201cvocaci\u00f3\u201d. En realitat, no m\u00e9s que el que hem fet des de la nostra inf\u00e0ncia: sempre hem recollit pals, pinyes i pedres. Es tracta d&#039;alguna cosa at\u00e0vica, que crec que tots hem fet: meravellar-nos amb un cant de riu, l&#039;arquitectura perfecta d&#039;un full de falguera\u2026 nom\u00e9s ens hem donat el perm\u00eds de continuar fent-ho intentant transmetre tota la bellesa que nosaltres veiem.<\/p>\n\n\n\n<h5 class=\"wp-block-heading has-medium-font-size\"><strong>Qu\u00e8 \u00e9s el que m\u00e9s us satisf\u00e0 de la vostra feina? Alg\u00fa del que us sentiu especialment orgullosos?<\/strong><\/h5>\n\n\n\n<p>En aquest temps de cam\u00ed, ens hem adonat que la flora silvestre ha esdevingut per a nosaltres un llenguatge que ens permet la trobada amb altres persones, de vegades a trav\u00e9s dels objectes, d&#039;altres a trav\u00e9s de les experi\u00e8ncies, els tallers, les peces a mida. Al final el que ens mou \u00e9s el matx. Tot el que fem, tallers, presentacions, esdeveniments\u2026 tenen una fi, que \u00e9s la trobada entre persones. Som molt conscients sempre d&#039;aix\u00f2. Necessitem trobades reals. Aqu\u00ed i ara. Tots ens relacionem amb molta gent en el dia a dia, en all\u00f2 quotidi\u00e0, en l&#039;\u00e0mbit professional, ja ho b\u00e8stia a l&#039;\u00e0rea digital i en xarxes socials, per\u00f2 s\u00f3n trobades m\u00e9s buides. Quan la gent es troba en \u00e0mbits en qu\u00e8 s&#039;emocionen, i hi ha inter\u00e8s i passi\u00f3 comuna, es d\u00f3na una cosa molt potent. I nosaltres sempre sortim molt molt feli\u00e7os dels tallers, perqu\u00e8 hi ha trobada real, intercanvi, escolta i molt d&#039;aprenentatge de tots.<\/p>\n\n\n\n<h5 class=\"wp-block-heading has-medium-font-size\"><strong>Color, llibre, pel\u00b7li i disc favorits. Per aquest ordre! ;D<\/strong><\/h5>\n\n\n\n<p>Un color: el verd. Com un altre!&nbsp;<\/p>\n\n\n\n<p>Un llibre: <em>El sentit de la sorpresa<\/em> de Rachel Carson.&nbsp;<\/p>\n\n\n\n<p>Una pel\u00b7l\u00edcula: <em>Cinema Parad\u00eds<\/em> de Giuseppe Tornatore<\/p>\n\n\n\n<p>Un disc: <em>Esdevenir<\/em> de Ludovico Einaudi<\/p>\n\n\n\n<figure class=\"wp-block-embed is-type-rich is-provider-spotify wp-block-embed-spotify wp-embed-aspect-21-9 wp-has-aspect-ratio\"><div class=\"wp-block-embed__wrapper\">\n<iframe title=\"Spotify Embed: Divenire\" style=\"border-radius: 12px\" width=\"100%\" height=\"352\" frameborder=\"0\" allowfullscreen allow=\"autoplay; clipboard-write; encrypted-media; fullscreen; picture-in-picture\" loading=\"lazy\" src=\"https:\/\/open.spotify.com\/embed\/album\/4xFNo2OWDR8wEm5I2dRdS7?si=vwohiLVRQmCz9JNNp6M32A&#038;utm_source=oembed\"><\/iframe>\n<\/div><\/figure>\n\n\n\n<h5 class=\"wp-block-heading has-medium-font-size\"><strong>\u00c9s casa vostra reflex de qui sou? Expliqueu-nos a qu\u00e8 fa olor, el vostre rac\u00f3 favorit, el vostre objecte decoratiu o moble fetitxe, si atresoreu alguna col\u00b7lecci\u00f3\u2026 I si teniu mascota, presenteu-nos-la!<\/strong><\/h5>\n\n\n\n<p>Jo crec que totes les cases (independentment que siguin pr\u00f2pies o llogades, que siguin cases temporals o no) s\u00f3n en part un reflex nostre. Encara que nom\u00e9s ocupem una habitaci\u00f3, ja que aqu\u00ed hi ha la nostra manera d&#039;interpretar la vida: m\u00e9s ordenada, m\u00e9s desordenada, minimalista o kitsch, colorida o monocrom\u00e0tica\u2026 en el nostre cas, s\u00ed, casa nostra (encara que compartida amb nens en el meu cas i amb adolescents en el cas d&#039;Alina) \u00e9s reflex de qui som: materials naturals, flors, plantes i objectes que hem recollit de molts llocs i restaurat despr\u00e9s (\u00e9s que som recol\u00b7lectores per naturalesa ^_^) , llibres\u2026&nbsp;<\/p>\n\n\n\n<p>Quan entres per les porta de casa nostra les olors varien entre el del caf\u00e8 acabat de fer, les flors que hem recol\u00b7lectat aquell dia o olis essencials que posem en un humidificador. Quan estem juntes, el nostre rac\u00f3 preferit \u00e9s la cuina ^_^. \u00c9s com el nostre centre de treball quan som a casa. Assegudes a taula i amb la nostra tassa de caf\u00e8, Alina, i de te o infusi\u00f3, jo. Aquest i el terra del sal\u00f3. Som molt de terra ^_^.&nbsp;<\/p>\n\n\n\n<p>A casa no tenim gaires objectes decoratius m\u00e9s enll\u00e0 d&#039;alguna obra feta pels nostres fills o alguna pe\u00e7a que hem recol\u00b7lectat, per\u00f2 fa uns anys totes dues ens vam enamorar a primera vista i ens vam regalar unes l\u00e0mpades meravelloses de Set Formes de fusta de til\u00b7ler i alabastre que es van convertir des del primer moment en un imprescindible a casa nostra. \u00c9s com el nostre \u201cfoguet\u201d. Quan la llum del dia comen\u00e7a a caure, l&#039;encenem perqu\u00e8 la seva llum c\u00e0lida reconforta. Aix\u00f2 i algun bol del taller, que usem per a tot: per prendre cremes de verdures i sopes a les estacions fredes, amanides a l&#039;estiu, infusions\u2026 s\u00f3n super vers\u00e0tils i la seva forma arrodonida a la base i el seu tacte s\u00f3n tan agradables\u2026 S\u00f3n un b\u00e0sic a casa nostra.&nbsp;<\/p>\n\n\n\n<p>Ai, mascotes! No us negarem que a totes dues ens encantaria tenir un gos. De fet, hem estat a punt d&#039;adoptar diverses vegades aquests anys ia casa els meus fills cada vegada fan m\u00e9s pressi\u00f3 perqu\u00e8 per fi n&#039;arribi un a casa ^_^ . Jo he tingut gossos tota la meva vida i no concebia viure sense ells, per\u00f2 amb el ritme de vida que portem i sent conscients de la dedicaci\u00f3 que requereixen per estar atesos, no nom\u00e9s a nivell f\u00edsic sin\u00f3 mental, ens estem resistint una mica, encara que crec que cada vegada queda menys ^_^.<\/p>\n\n\n\n<figure class=\"wp-block-image\"><img loading=\"lazy\" decoding=\"async\" width=\"600\" height=\"428\" src=\"https:\/\/www.monapart.com\/magazine\/wp-content\/uploads\/2022\/10\/entrevista_taller_silvestre_monapart_5.png\" alt=\"Taller Silvestre: pura naturalesa a casa teva | Monapart\" class=\"wp-image-1225\" title=\"entrevista_taller_silvestre_monapart_5\" srcset=\"https:\/\/www.monapart.com\/magazine\/wp-content\/uploads\/2022\/10\/entrevista_taller_silvestre_monapart_5.png 600w, https:\/\/www.monapart.com\/magazine\/wp-content\/uploads\/2022\/10\/entrevista_taller_silvestre_monapart_5-300x214.png 300w\" sizes=\"auto, (max-width: 600px) 100vw, 600px\" \/><\/figure>\n\n\n\n<h5 class=\"wp-block-heading has-medium-font-size\"><strong>Si pogu\u00e9ssiu comprar-vos qualsevol cosa ara mateix i emporteu-vos-la a casa, quina seria? Qualsevol cosa!<\/strong><\/h5>\n\n\n\n<p>Des de fa temps les dues estem immerses de ple a tenir i necessitar cada cop menys i hem arribat a la conclusi\u00f3 que realment necessitem molt poquet. Per\u00f2 m&#039;agrada jugar-hi ^_^.&nbsp;<\/p>\n\n\n\n<p>Fa uns quants dies que penso en quin objecte fa des de fa temps que desitjo i el primer que em ve sempre al capdavant \u00e9s: \u00e0lbums de foto amb les fotos d&#039;aquests \u00faltims anys impreses. \u00c9s un regal que sempre demano pel meu aniversari, Nadal i que al final per falta de temps mai no arriba. Amb la facilitat que ens donen els dispositius electr\u00f2nics quant a disponibilitat i quantitat de fotos, tenim tal volum d&#039;imatges que si et pares a pensar poques vegades et sentis a rever-les com ho fas quan agafes un \u00e0lbum de deb\u00f2 i et poses a passar p\u00e0gines. A casa aquest \u00e9s un moment m\u00e0gic en qu\u00e8 sempre sorgeixen hist\u00f2ries, els teus pares o avis t&#039;expliquen una cosa que potser no sabies de la teva fam\u00edlia o que no t&#039;havien explicat abans\u2026 \u00c9s un moment compartit que omple molt\u00edssim. I sent a m\u00e9s un objecte fet per alg\u00fa i no comprat (prendre&#039;s la feina de seleccionar les fotos d&#039;entre centenars, enviar a imprimir, classificar-les, enganxar-les a l&#039;\u00e0lbum\u2026) per a mi t\u00e9 un valor incalculable. El millor regal que podria tenir.<\/p>\n\n\n\n<h5 class=\"wp-block-heading has-medium-font-size\"><strong>Un pla a casa sempre inclou\u2026<\/strong><\/h5>\n\n\n\n<p>Amics i\/o fam\u00edlia. Pel que sigui: sopar, dinar, berenar, quedat\u2026 Trobar-nos-hi \u00e9s una injecci\u00f3 d&#039;alegria i energia.&nbsp;<\/p>\n\n\n\n<h5 class=\"wp-block-heading has-medium-font-size\"><strong>Teniu algun plat estrella?<\/strong><\/h5>\n\n\n\n<p>Ai! Cap de les dues som molt cuinetes, la veritat. Tenim la sort de tenir marits a qui se&#039;ls d\u00f3na mil vegades millor la cuina que a nosaltres. I \u00e9s que a m\u00e9s ho gaudeixen ^_^! Aix\u00ed que els hi deixem fer.<\/p>\n\n\n\n<h5 class=\"wp-block-heading has-medium-font-size\"><strong>Quin \u00e9s el vostre lloc favorit a la vostra ciutat? I a l&#039;estranger?<\/strong><\/h5>\n\n\n\n<p>Sense dubtar-ho ni mig segon, qualsevol parc frond\u00f3s, d&#039;aquells on tot i ser al mig de la ciutat, els arbres no deixen arribar el soroll dels cotxes i per un segon creus estar en un bosc. On pots sentir la frescor i l&#039;olor de la vegetaci\u00f3, mirar cap amunt i veure verd i escoltar els ocells.&nbsp;<\/p>\n\n\n\n<p>Amb l?estranger em passa igual. Amb el pas dels anys m&#039;he adonat que, malgrat que les arquitectures d&#039;edificis i de ciutats em poden fascinar, el que realment m&#039;omple l&#039;\u00e0nima \u00e9s quan descobreixo els paisatges naturals dels llocs. Em commouen de manera que nom\u00e9s s\u00f3c capa\u00e7 de sentir i no d&#039;expressar.<\/p>\n\n\n\n<figure class=\"wp-block-image\"><img loading=\"lazy\" decoding=\"async\" width=\"600\" height=\"428\" src=\"https:\/\/www.monapart.com\/magazine\/wp-content\/uploads\/2022\/10\/entrevista_taller_silvestre_monapart_11.png\" alt=\"Taller Silvestre: pura naturalesa a casa teva | Monapart\" class=\"wp-image-1226\" title=\"entrevista_taller_silvestre_monapart_11\" srcset=\"https:\/\/www.monapart.com\/magazine\/wp-content\/uploads\/2022\/10\/entrevista_taller_silvestre_monapart_11.png 600w, https:\/\/www.monapart.com\/magazine\/wp-content\/uploads\/2022\/10\/entrevista_taller_silvestre_monapart_11-300x214.png 300w\" sizes=\"auto, (max-width: 600px) 100vw, 600px\" \/><\/figure>\n\n\n\n<h5 class=\"wp-block-heading has-medium-font-size\"><strong>Cosa que ens vulguis explicar i que no us h\u00e0gim preguntat. Parla ara o calla per sempre!<\/strong><\/h5>\n\n\n\n<p>\u00a1\u00a1 Ay, no! Mira! Ja he explicat alguna cosa m\u00e9s ^_^, que s\u00f3c una persona for\u00e7a introvertida pel que fa a la meva vida personal (per\u00f2 no per fer-me la interessant ^_^, sin\u00f3 perqu\u00e8 realment no em surt). Ah, b\u00e9! I que ja veieu que no puc escriure sense fer servir emoticones ^_^<\/p>\n\n\n\n<p><\/p>","protected":false},"excerpt":{"rendered":"<p>Des de Taller Silvestre celebren la bellesa de la natura i la vida simple. Les mans que hi ha al darrere s\u00f3n recol\u00b7lectores de la flora silvestre perqu\u00e8 a casa nostra no falti mai aquest toc de bosc i natura. Ens ofereixen productes creats a base de processos lents i naturals. Con\u00e8ixer-les \u00e9s com aturar lleugerament el temps, com un passeig pel camp al capvespre a qui est\u00e0s convidat llegint l&#039;entrevista que els vam fer des de Monapart.<\/p>","protected":false},"author":3,"featured_media":1223,"comment_status":"closed","ping_status":"closed","sticky":false,"template":"","format":"standard","meta":{"_acf_changed":false,"footnotes":""},"categories":[2844,2845],"tags":[3247,3008],"class_list":["post-1222","post","type-post","status-publish","format-standard","has-post-thumbnail","hentry","category-hogar","category-mi-monapart","tag-flores-y-plantas","tag-sostenibilidad"],"acf":[],"_links":{"self":[{"href":"https:\/\/www.monapart.com\/magazine\/ca\/wp-json\/wp\/v2\/posts\/1222","targetHints":{"allow":["GET"]}}],"collection":[{"href":"https:\/\/www.monapart.com\/magazine\/ca\/wp-json\/wp\/v2\/posts"}],"about":[{"href":"https:\/\/www.monapart.com\/magazine\/ca\/wp-json\/wp\/v2\/types\/post"}],"author":[{"embeddable":true,"href":"https:\/\/www.monapart.com\/magazine\/ca\/wp-json\/wp\/v2\/users\/3"}],"replies":[{"embeddable":true,"href":"https:\/\/www.monapart.com\/magazine\/ca\/wp-json\/wp\/v2\/comments?post=1222"}],"version-history":[{"count":1,"href":"https:\/\/www.monapart.com\/magazine\/ca\/wp-json\/wp\/v2\/posts\/1222\/revisions"}],"predecessor-version":[{"id":17269,"href":"https:\/\/www.monapart.com\/magazine\/ca\/wp-json\/wp\/v2\/posts\/1222\/revisions\/17269"}],"wp:featuredmedia":[{"embeddable":true,"href":"https:\/\/www.monapart.com\/magazine\/ca\/wp-json\/wp\/v2\/media\/1223"}],"wp:attachment":[{"href":"https:\/\/www.monapart.com\/magazine\/ca\/wp-json\/wp\/v2\/media?parent=1222"}],"wp:term":[{"taxonomy":"category","embeddable":true,"href":"https:\/\/www.monapart.com\/magazine\/ca\/wp-json\/wp\/v2\/categories?post=1222"},{"taxonomy":"post_tag","embeddable":true,"href":"https:\/\/www.monapart.com\/magazine\/ca\/wp-json\/wp\/v2\/tags?post=1222"}],"curies":[{"name":"wp","href":"https:\/\/api.w.org\/{rel}","templated":true}]}}