{"id":1210,"date":"2022-09-19T13:56:38","date_gmt":"2022-09-19T11:56:38","guid":{"rendered":"https:\/\/www.monapart.com\/magazine\/?p=1210"},"modified":"2025-03-27T11:25:10","modified_gmt":"2025-03-27T10:25:10","slug":"gemma-terol-tot-a-la-xarxa-and-blue","status":"publish","type":"post","link":"https:\/\/www.monapart.com\/magazine\/ca\/hogar\/gemma-terol-todo-al-red-and-blue","title":{"rendered":"Gemma Terol: tot a la xarxa and blue"},"content":{"rendered":"<h1 class=\"wp-block-heading\">Gemma Terol: tot a la xarxa and blue<\/h1>\n\n\n\n<h2 class=\"wp-block-heading\">Colors vibrants i tra\u00e7os que expliquen hist\u00f2ries.<\/h2>\n\n\n<div class='post-info'>19 de setembre de 2022 per <a href='https:\/\/www.monapart.com\/magazine\/ca\/autor\/monapart'>Monapart<\/a><\/div>\n\n\n\n<figure class=\"wp-block-image\"><img loading=\"lazy\" decoding=\"async\" width=\"600\" height=\"428\" src=\"https:\/\/www.monapart.com\/magazine\/wp-content\/uploads\/2022\/09\/entrevista_monapart_gemma_terol.png\" alt=\"Gemma Terol: tot a la xarxa and blue | Monapart \" class=\"wp-image-1211\" title=\"entrevista_monapart_gemma_terol\" srcset=\"https:\/\/www.monapart.com\/magazine\/wp-content\/uploads\/2022\/09\/entrevista_monapart_gemma_terol.png 600w, https:\/\/www.monapart.com\/magazine\/wp-content\/uploads\/2022\/09\/entrevista_monapart_gemma_terol-300x214.png 300w\" sizes=\"auto, (max-width: 600px) 100vw, 600px\" \/><\/figure>\n\n\n\n<h3 class=\"wp-block-heading\">Gemma Terol portava el disseny i la creativitat dins d&#039;ella des de ben petita. Sempre havia dibuixat i els seus apunts i treballs del col\u00b7le tenien lletres il\u00b7lustrades i molt de color. Per\u00f2 no se sap perqu\u00e8, li va passar all\u00f2 que a la majoria d&#039;adults, que es fan grans i dibuixar ja no va amb l&#039;edat. Per sort, amb el pas del temps va redescobrir la il\u00b7lustraci\u00f3 i despr\u00e9s de formar-se en disseny i art, va comen\u00e7ar a combinar el seu treball en disseny gr\u00e0fic al seu estudi MMMM studio amb el projecte d&#039;il\u00b7lustraci\u00f3 Red&amp;Blue.<\/h3>\n\n\n\n<div class=\"wp-block-columns is-layout-flex wp-container-core-columns-is-layout-9d6595d7 wp-block-columns-is-layout-flex\">\n<div class=\"wp-block-column is-layout-flow wp-block-column-is-layout-flow\" style=\"flex-basis:40%\">\n<blockquote class=\"wp-block-quote is-layout-flow wp-block-quote-is-layout-flow\">\n<p>Quan vaig decidir estudiar disseny gr\u00e0fic va ser perqu\u00e8 vaig pensar que era el m\u00e9s semblant a dibuixar que podia tenir sortides professionals. <\/p>\n<\/blockquote>\n<\/div>\n\n\n\n<div class=\"wp-block-column is-layout-flow wp-block-column-is-layout-flow\" style=\"flex-basis:60%\">\n<h5 class=\"wp-block-heading has-medium-font-size\">Parla&#039;ns de tu i de la teva feina. On va n\u00e9ixer la teva vocaci\u00f3? Algun primer record?<\/h5>\n\n\n\n<p>Des de petita sempre m&#039;havia agradat dibuixar i fer manualitats, de fet era la t\u00edpica nena que es divertia m\u00e9s sola dibuixant o fent regalets manuals per als meus amics i la meva fam\u00edlia, i una cosa que encara em fa molta vergonya perqu\u00e8 sona a ser molt pilota, tamb\u00e9 feia dibuixos per als meus professors preferits! Jajaja.<\/p>\n\n\n\n<p>Aix\u00ed vaig estudiar la carrera de disseny gr\u00e0fic. He treballat i segueixo vivint del disseny des de fa 21 anys, per\u00f2 una mica abans de la pand\u00e8mia vaig sentir que necessitava tornar a dibuixar. Il\u00b7lustrar reflexions o objectes que m&#039;agradessin sense cap enc\u00e0rrec, deixar una mica l&#039;ordinador. Aix\u00ed va n\u00e9ixer <a href=\"https:\/\/www.gemmaterol.net\/\" target=\"_blank\" rel=\"noreferrer noopener\">Red&amp;Blue<\/a>, perqu\u00e8 s\u00f3n els dos colors principals de la meva paleta. M&#039;agrada com vibren i donen molta personalitat a la meva obra. Aquest projecte va prendre m\u00e9s forma encara durant la pand\u00e8mia. <\/p>\n<\/div>\n<\/div>\n\n\n\n<p><\/p>\n\n\n\n<p>Quan est\u00e0vem tancats vaig comen\u00e7ar a demanar a amics i familiars que m&#039;enviessin fotos del que estaven fent i els il\u00b7lustrava. A partir d&#039;aquest projecte van comen\u00e7ar a encarregar-me retrats personalitzats i va ser quan vaig decidir crear la meva botiga en l\u00ednia. D&#039;aquests mesos de cloenda a casa tamb\u00e9 va n\u00e9ixer la Pot family, cer\u00e0miques reciclades en qu\u00e8 crec personatges. Per exemple, d&#039;una tetera neix un elefant o de dues tasses unes bessones de nas.<\/p>\n\n\n\n<figure class=\"wp-block-image\"><img loading=\"lazy\" decoding=\"async\" width=\"600\" height=\"428\" src=\"https:\/\/www.monapart.com\/magazine\/wp-content\/uploads\/2022\/09\/entrevista-gemma_terol-monapart.png\" alt=\"Gemma Terol: tot a la xarxa and blue | Monapart \" class=\"wp-image-1212\" title=\"entrevista-gemma_terol-monapart-2\" srcset=\"https:\/\/www.monapart.com\/magazine\/wp-content\/uploads\/2022\/09\/entrevista-gemma_terol-monapart.png 600w, https:\/\/www.monapart.com\/magazine\/wp-content\/uploads\/2022\/09\/entrevista-gemma_terol-monapart-300x214.png 300w\" sizes=\"auto, (max-width: 600px) 100vw, 600px\" \/><\/figure>\n\n\n\n<h5 class=\"wp-block-heading has-medium-font-size\"><strong>Qu\u00e8 \u00e9s el que m\u00e9s et satisf\u00e0 de la teva feina? Alg\u00fa del que et sentis especialment orgull\u00f3s?<\/strong><\/h5>\n\n\n\n<p>Tinc el cor dividit entre el disseny gr\u00e0fic, a <a href=\"https:\/\/www.instagram.com\/mmmm.studio\/?hl=es\" target=\"_blank\" rel=\"noreferrer noopener\">MMMM studio<\/a>&nbsp;(a Instagram), que vaig crear l&#039;any 2019 juntament amb la meva companya Gemma Fontanals, i el meu projecte d&#039;il\u00b7lustraci\u00f3 Red &amp; Blue. Del disseny gr\u00e0fic em satisf\u00e0 crear identitats i packagings on el client se sent identificat i l&#039;ajuda a diferenciar la seva marca de la compet\u00e8ncia, a m\u00e9s, a l&#039;estudi sempre intentem que els projectes tinguin \u00e0nima i la diversi\u00f3 \u00e9s una de les prioritats i exig\u00e8ncies internes perqu\u00e8 surtin bons projectes. De la il\u00b7lustraci\u00f3, com deia, crear sense enc\u00e0rrec. Perqu\u00e8 em neix i em fa gaudir, explicar hist\u00f2ries o simplement fer coses boniques que alegren les cases de la gent. En tots dos em diverteixo i penso que s\u00f3c molt afortunada de treballar en el que m&#039;agrada.<\/p>\n\n\n\n<p>Hi ha dos projectes dels quals em sento m\u00e9s orgullosa, el primer, el projecte creatiu \u201c<a href=\"https:\/\/www.instagram.com\/thebarcelonianillustrated\/\" target=\"_blank\" rel=\"noreferrer noopener\">The Barcelonian<\/a>\u201d (a Instagram), una revista fict\u00edcia inspirada en <em>The New Yorker<\/em>, on diferents artistes il\u00b7lustrem les portades del que podia ser la resvista de Barcelona. I a partir d&#039;aquest projecte, em va sorgir la col\u00b7laboraci\u00f3 a El Pa\u00eds Semanal fent la portada interior d&#039;un reportatge sobre ciutats.<\/p>\n\n\n\n<figure class=\"wp-block-image\"><img loading=\"lazy\" decoding=\"async\" width=\"600\" height=\"428\" src=\"https:\/\/www.monapart.com\/magazine\/wp-content\/uploads\/2022\/09\/entrevista_monapart_gemma_terol_3.png\" alt=\"Gemma Terol: tot a la xarxa and blue | Monapart \" class=\"wp-image-1213\" title=\"entrevista_monapart_gemma_terol_3\" srcset=\"https:\/\/www.monapart.com\/magazine\/wp-content\/uploads\/2022\/09\/entrevista_monapart_gemma_terol_3.png 600w, https:\/\/www.monapart.com\/magazine\/wp-content\/uploads\/2022\/09\/entrevista_monapart_gemma_terol_3-300x214.png 300w\" sizes=\"auto, (max-width: 600px) 100vw, 600px\" \/><\/figure>\n\n\n\n<h5 class=\"wp-block-heading has-medium-font-size\"><strong>Com \u00e9s el teu proc\u00e9s creatiu? Quines s\u00f3n les fonts d&#039;inspiraci\u00f3? Alguna m\u00fasica especialment mentre treballes?<\/strong><\/h5>\n\n\n\n<p>Sempre, en iniciar un projecte nou, miro referents que m&#039;inspirin, normalment del m\u00f3n de l&#039;art o d&#039;altres professionals. Crec esbossos i en el cas del disseny gr\u00e0fic, intento que darrere hi hagi un concepte.<\/p>\n\n\n\n<p>A la il\u00b7lustraci\u00f3, en ser una mica m\u00e9s lliure, em deixo guiar m\u00e9s per la meva intu\u00efci\u00f3 i les coses que m&#039;emboliquen en aquell moment.<\/p>\n\n\n\n<p>Sempre amb m\u00fasica. S\u00f3c for\u00e7a flexible a l&#039;hora d&#039;escoltar m\u00fasica mentre treballo, per\u00f2 mai treballo en silenci. M?agrada molt Japanese Breakfast, molts grups d?indie espanyol, la bosanova i tamb\u00e9 cl\u00e0ssics com Leonard Cohen o Nina Simone.<\/p>\n\n\n\n<h5 class=\"wp-block-heading has-medium-font-size\"><strong>Color, llibre, pel\u00b7li i disc favorits. Per aquest ordre! ;D<\/strong><\/h5>\n\n\n\n<p>Blau klein.&nbsp;<\/p>\n\n\n\n<p><em>T\u00f2quio Blues <\/em>(Murakami)<\/p>\n\n\n\n<p><em>Desitjant estimar<\/em> (Wong Kar-wai)<\/p>\n\n\n\n<p>Getz\/Gilberto<\/p>\n\n\n\n<figure class=\"wp-block-embed is-type-rich is-provider-spotify wp-block-embed-spotify wp-embed-aspect-21-9 wp-has-aspect-ratio\"><div class=\"wp-block-embed__wrapper\">\n<iframe title=\"Spotify Embed: Getz\/Gilberto\" style=\"border-radius: 12px\" width=\"100%\" height=\"352\" frameborder=\"0\" allowfullscreen allow=\"autoplay; clipboard-write; encrypted-media; fullscreen; picture-in-picture\" loading=\"lazy\" src=\"https:\/\/open.spotify.com\/embed\/album\/73ZRKdD3Ds43IjHrhKgucY?si=eAgc0kGeTuO-GhmporyS3A&#038;utm_source=oembed\"><\/iframe>\n<\/div><\/figure>\n\n\n\n<h5 class=\"wp-block-heading has-medium-font-size\"><strong>\u00c9s casa teva reflex de qui ets? Explica&#039;ns a qu\u00e8 fa olor, el teu rac\u00f3 favorit, el teu objecte decoratiu o moble fetitxe, si atresores alguna col\u00b7lecci\u00f3\u2026 I si tens mascota, presenta&#039;ns-la!<\/strong><\/h5>\n\n\n\n<p>Casa meva \u00e9s informal per\u00f2 cuidada. Tinc una barreja de mobles d&#039;Ikea, mobles reciclats i d&#039;altres que eren d&#039;alguns familiars. Fa olor sempre de c\u00edtrics i \u00e9s plena de plantes.&nbsp;<\/p>\n\n\n\n<p>El meu moble fetitxe \u00e9s una cadira Windsor dels anys 70 que vaig rescatar de casa d&#039;una tia \u00e0via, que estava pintada de negre i la vaig decapar. M?agraden molt els mobles dels 70.<\/p>\n\n\n\n<figure class=\"wp-block-image\"><img loading=\"lazy\" decoding=\"async\" width=\"600\" height=\"428\" src=\"https:\/\/www.monapart.com\/magazine\/wp-content\/uploads\/2022\/09\/entrevista_monapart_gemma_terol_4.png\" alt=\"Gemma Terol: tot a la xarxa and blue | Monapart \" class=\"wp-image-1214\" title=\"entrevista_monapart_gemma_terol_4\" srcset=\"https:\/\/www.monapart.com\/magazine\/wp-content\/uploads\/2022\/09\/entrevista_monapart_gemma_terol_4.png 600w, https:\/\/www.monapart.com\/magazine\/wp-content\/uploads\/2022\/09\/entrevista_monapart_gemma_terol_4-300x214.png 300w\" sizes=\"auto, (max-width: 600px) 100vw, 600px\" \/><\/figure>\n\n\n\n<h5 class=\"wp-block-heading has-medium-font-size\"><strong>Si poguessis comprar-te qualsevol cosa ara mateix i emportar-te-la a casa, quina seria? Qualsevol cosa!<\/strong><\/h5>\n\n\n\n<p>Doncs m\u00e9s que un objecte en concret, m&#039;encantaria trobar un pis llumin\u00f3s i amb terrassa al barri de Gr\u00e0cia de Barcelona. Tinc algun ja fitxat, per\u00f2 se&#039;m van de pressupost\u2026 jajaja.<\/p>\n\n\n\n<h5 class=\"wp-block-heading has-medium-font-size\"><strong>Un pla a casa sempre inclou\u2026<\/strong><\/h5>\n\n\n\n<p>Una ampolla de vi, bona m\u00fasica i, per descomptat, bona companyia.<\/p>\n\n\n\n<h5 class=\"wp-block-heading has-medium-font-size\"><strong>Tens algun plat estrella?<\/strong><\/h5>\n\n\n\n<p>M&#039;encanta cuinar paella, per\u00f2 un plat senzill i del qual mai no em canso s\u00f3n els ous estrellats amb pernil.<\/p>\n\n\n\n<h5 class=\"wp-block-heading has-medium-font-size\"><strong>Quin \u00e9s el teu lloc preferit a la teva ciutat? I a l&#039;estranger?<\/strong><\/h5>\n\n\n\n<p>De Barcelona, m&#039;encanta rec\u00f3rrer els carrers de Ciutat Vella i de Gr\u00e0cia (quan no hi ha gaires turistes).<\/p>\n\n\n\n<p>De l&#039;estranger, s\u00f3c una amant de les ciutats asi\u00e0tiques. Carrerar i con\u00e8ixer els costums i menjar.<\/p>\n\n\n\n<h5 class=\"wp-block-heading has-medium-font-size\"><strong>Cosa que ens vulguis explicar i que no t&#039;haguem preguntat. Parla ara o calla per sempre!<\/strong><\/h5>\n\n\n\n<p>De petites dibuixem i quan ens fem grans deixem de fer-ho. Crec que mai no haur\u00edem de deixar d&#039;agafar un llapis i explicar hist\u00f2ries a trav\u00e9s de la il\u00b7lustraci\u00f3, encara que no ens dediquem professionalment. \u00c9s un gran exercici, com ara escriure o aprendre un instrument. Sense por i sense vergonyes, pel gust de deixar volar la imaginaci\u00f3.<\/p>\n\n\n\n<p>Ah! actualment a <a href=\"https:\/\/www.instagram.com\/tallerbalam\/\" target=\"_blank\" rel=\"noreferrer noopener\">Taller Balam de Barcelona<\/a>&nbsp;podeu visitar la meva primera exposici\u00f3; \u201cAmigues plat\u00f2niques i altres esp\u00e8cies\u201d, un recorregut per aquests moments amb amigues que s\u00f3n efimers per\u00f2 queden per sempre. Esmalt pintat sobre plats i cer\u00e0miques. Fins al 30 de setembre!<\/p>\n\n\n\n<p>Gr\u00e0cies per l&#039;entrevista! M&#039;ha encantat!<\/p>\n\n\n\n<h3 class=\"wp-block-heading\">Avui, Gemma Terol ha aconseguit unir les dues passions, el disseny i la il\u00b7lustraci\u00f3, en un cam\u00ed creatiu que li permet expressar-se amb total llibertat. La seva obra \u00e9s un reflex de la seva personalitat vibrant, del seu amor pels colors i les hist\u00f2ries visuals. <\/h3>","protected":false},"excerpt":{"rendered":"<p>Gemma Terol llevaba el dise\u00f1o y la creatividad dentro de ella desde bien peque\u00f1a. Siempre hab\u00eda dibujado y sus apuntes y trabajos del cole ten\u00edan letras ilustradas y mucho color. Pero no se sabe porqu\u00e9, le pas\u00f3 lo que a la mayor\u00eda de adultos, que se hacen mayores y dibujar ya no va con la edad. Por suerte, con el paso del tiempo redescubri\u00f3 la ilustraci\u00f3n y tras formarse en dise\u00f1o y arte, empez\u00f3 a combinar su trabajo en dise\u00f1o gr\u00e1fico en su estudio MMMM studio\u00a0con su proyecto de ilustraci\u00f3n Red&#038;Blue.<\/p>","protected":false},"author":3,"featured_media":1211,"comment_status":"closed","ping_status":"closed","sticky":false,"template":"","format":"standard","meta":{"_acf_changed":true,"footnotes":""},"categories":[2844,2845],"tags":[2868,2870],"class_list":["post-1210","post","type-post","status-publish","format-standard","has-post-thumbnail","hentry","category-hogar","category-mi-monapart","tag-arte","tag-diseno"],"acf":[],"_links":{"self":[{"href":"https:\/\/www.monapart.com\/magazine\/ca\/wp-json\/wp\/v2\/posts\/1210","targetHints":{"allow":["GET"]}}],"collection":[{"href":"https:\/\/www.monapart.com\/magazine\/ca\/wp-json\/wp\/v2\/posts"}],"about":[{"href":"https:\/\/www.monapart.com\/magazine\/ca\/wp-json\/wp\/v2\/types\/post"}],"author":[{"embeddable":true,"href":"https:\/\/www.monapart.com\/magazine\/ca\/wp-json\/wp\/v2\/users\/3"}],"replies":[{"embeddable":true,"href":"https:\/\/www.monapart.com\/magazine\/ca\/wp-json\/wp\/v2\/comments?post=1210"}],"version-history":[{"count":0,"href":"https:\/\/www.monapart.com\/magazine\/ca\/wp-json\/wp\/v2\/posts\/1210\/revisions"}],"wp:featuredmedia":[{"embeddable":true,"href":"https:\/\/www.monapart.com\/magazine\/ca\/wp-json\/wp\/v2\/media\/1211"}],"wp:attachment":[{"href":"https:\/\/www.monapart.com\/magazine\/ca\/wp-json\/wp\/v2\/media?parent=1210"}],"wp:term":[{"taxonomy":"category","embeddable":true,"href":"https:\/\/www.monapart.com\/magazine\/ca\/wp-json\/wp\/v2\/categories?post=1210"},{"taxonomy":"post_tag","embeddable":true,"href":"https:\/\/www.monapart.com\/magazine\/ca\/wp-json\/wp\/v2\/tags?post=1210"}],"curies":[{"name":"wp","href":"https:\/\/api.w.org\/{rel}","templated":true}]}}