{"id":1199,"date":"2022-08-25T11:35:05","date_gmt":"2022-08-25T09:35:05","guid":{"rendered":"https:\/\/www.monapart.com\/magazine\/?p=1199"},"modified":"2025-06-06T13:38:42","modified_gmt":"2025-06-06T11:38:42","slug":"moiz-studio-projectes-que-expliquen-histories","status":"publish","type":"post","link":"https:\/\/www.monapart.com\/magazine\/ca\/hogar\/moiz-studio-proyectos-que-cuentan-historias","title":{"rendered":"Moiz Studio: projectes que expliquen hist\u00f2ries"},"content":{"rendered":"<h1 class=\"wp-block-heading\">MOIZ STUDIO: PROJECTES QUE COMPTEN HIST\u00d2RIES<\/h1>\n\n\n\n<h2 class=\"wp-block-heading\">Lorigen duna passi\u00f3 compartida.<\/h2>\n\n\n<div class='post-info'>25 d&#039;agost de 2022 per <a href='https:\/\/www.monapart.com\/magazine\/ca\/autor\/monapart'>Monapart<\/a><\/div>\n\n\n\n<figure class=\"wp-block-image\"><img loading=\"lazy\" decoding=\"async\" width=\"600\" height=\"428\" src=\"https:\/\/www.monapart.com\/magazine\/wp-content\/uploads\/2022\/08\/entrevista_moiz_monapart.png\" alt=\"MOIZ STUDIO: PROJECTES QUE COMPTEN HIST\u00d2RIES | Monapart \" class=\"wp-image-1200\" title=\"entrevista_moiz_monapart\" srcset=\"https:\/\/www.monapart.com\/magazine\/wp-content\/uploads\/2022\/08\/entrevista_moiz_monapart.png 600w, https:\/\/www.monapart.com\/magazine\/wp-content\/uploads\/2022\/08\/entrevista_moiz_monapart-300x214.png 300w\" sizes=\"auto, (max-width: 600px) 100vw, 600px\" \/><\/figure>\n\n\n\n<h3 class=\"wp-block-heading\">Cristina Moya i V\u00edctor Ru\u00edz s\u00f3n arquitectes i amics, una combinaci\u00f3 infal\u00b7lible perqu\u00e8 sorg\u00eds Moiz Studio. A cavall entre Val\u00e8ncia i Oslo, aconsegueixen el m\u00e9s important per a ells, i \u00e9s que els seus clients estiguin sempre contents i satisfets amb els seus projectes. Possiblement nom\u00e9s hi hagi alg\u00fa m\u00e9s mimat que els clients de Moiz Studio, i aquesta \u00e9s Zeta, (<a href=\"http:\/\/www.instagram.com\/zetapom\/\" target=\"_blank\" rel=\"noreferrer noopener\">zetapom<\/a> en instagram), l&#039;adorable pomar\u00e0nia de V\u00edctor.<\/h3>\n\n\n\n<h5 class=\"wp-block-heading has-medium-font-size\"><strong>Parleu-nos de vosaltres i de la vostra feina. On va n\u00e9ixer la vostra vocaci\u00f3? Algun primer record?<\/strong><\/h5>\n\n\n\n<p>Cristina: Quan vaig comen\u00e7ar no tenia una vocaci\u00f3 especial, la vocaci\u00f3 em va entrar durant la carrera, \u00e9s quan estudies la hist\u00f2ria de l&#039;arquitectura que em vaig enamorar de la disciplina. Potser com a record previ a la carrera, recordo que em va fascinar una exposici\u00f3 que vaig veure al Guggenheim de Nova York sobre Frank Ghery, em va fascinar tant l&#039;exposici\u00f3, les maquetes, els dibuixos, com l&#039;edifici que \u00e9s una aut\u00e8ntica obra mestra.<\/p>\n\n\n\n<p>V\u00edctor: La meva vocaci\u00f3 es va desenvolupar a l&#039;escola, a la meva fam\u00edlia tots creien que anava per a inform\u00e0tic i amagades em vaig inscriure en arquitectura. Vist ara, no s\u00e9 si vaig triar b\u00e9 jejeje. Al primer curs vaig tenir la sort de creuar-me amb uns professors espectaculars (Enrique Fern\u00e1ndez-Vivancos i Carla Sentieri) i despr\u00e9s de nom\u00e9s 4 mesos amb ells, vaig saber que era al lloc correcte.<\/p>\n\n\n\n<h5 class=\"wp-block-heading has-medium-font-size\"><strong>Qu\u00e8 \u00e9s el que m\u00e9s us satisf\u00e0 de la vostra feina? Alg\u00fa del que us sentiu especialment orgull\u00f3s?<\/strong><\/h5>\n\n\n\n<p>Cristina: Per mi \u00e9s veure una fam\u00edlia estar a gust i gaudir de casa seva, \u00e9s veure les persones utilitzar l&#039;espai que has dissenyat lliurement i veure com es concentren, interactuen. Contribuir una mica al fet que la gent pugui viure, menjar, treballar\u2026 en espais agradables.<\/p>\n\n\n\n<p>V\u00edctor: Un client content crec que \u00e9s el m\u00e9s satisfactori que hi pot haver, per\u00f2 gaudeixo molt durant el proc\u00e9s. M&#039;encanta el disseny i l&#039;obra i les converses amb tots els participants fan que el producte s&#039;enriqui. Sempre espero que el seg\u00fcent projecte sigui del que m\u00e9s orgull\u00f3s em sento, per\u00f2 aquests primers projectes amb el nostre propi estudi sempre seran especials, ja que hi comences a expressar-te de manera personal.<\/p>\n\n\n\n<figure class=\"wp-block-image\"><img loading=\"lazy\" decoding=\"async\" width=\"600\" height=\"428\" src=\"https:\/\/www.monapart.com\/magazine\/wp-content\/uploads\/2022\/08\/entrevista_moiz_monapart_2png.png\" alt=\"MOIZ STUDIO: PROJECTES QUE COMPTEN HIST\u00d2RIES | Monapart \" class=\"wp-image-1201\" title=\"entrevista_moiz_monapart_2\" srcset=\"https:\/\/www.monapart.com\/magazine\/wp-content\/uploads\/2022\/08\/entrevista_moiz_monapart_2png.png 600w, https:\/\/www.monapart.com\/magazine\/wp-content\/uploads\/2022\/08\/entrevista_moiz_monapart_2png-300x214.png 300w\" sizes=\"auto, (max-width: 600px) 100vw, 600px\" \/><\/figure>\n\n\n\n<h5 class=\"wp-block-heading has-medium-font-size\"><strong>Com \u00e9s el vostre proc\u00e9s creatiu? Quines s\u00f3n les vostres fonts d&#039;inspiraci\u00f3? Alguna m\u00fasica en especial mentre treballeu?<\/strong><\/h5>\n\n\n\n<p>Cristina: No et sabria dir, la inspiraci\u00f3 ve quan menys t&#039;ho esperes. Principalment m&#039;inspira viatjar, veure exposicions, descobrir nous llocs, cultures\u2026<\/p>\n\n\n\n<p>V\u00edctor: Per mi un bon proc\u00e9s seria Escoltar (client, lloc, programa,\u2026), Investigar i Dissenyar, per\u00f2 no sempre es pot fer en aquest ordre jajaja. S\u00f3c inspirar molt en les webs d&#039;arquitectura, xarxes socials o revistes, per veure qu\u00e8 passa al nostre m\u00f3n. Cristina pot donar fe que tinc mil refer\u00e8ncies al cap. Una altra font principal \u00e9s viatjar, con\u00e8ixer nous llocs, olors, sabors,\u2026 que despr\u00e9s intentes plasmar en els projectes.<\/p>\n\n\n\n<h5 class=\"wp-block-heading has-medium-font-size\"><strong>Color, llibre, pel\u00b7li i disc favorits. Per aquest ordre! ;D<\/strong><\/h5>\n\n\n\n<p>Cristina: Groc. <em>1Q84<\/em> de Murakami. Et dir\u00e9 una s\u00e8rie: Black Mirror. Vinc de veure Muse, qualsevol d&#039;ells.<\/p>\n\n\n\n<figure class=\"wp-block-embed is-type-rich is-provider-spotify wp-block-embed-spotify wp-embed-aspect-21-9 wp-has-aspect-ratio\"><div class=\"wp-block-embed__wrapper\">\n<iframe title=\"Spotify Embed: Kill Or Be Killed\" style=\"border-radius: 12px\" width=\"100%\" height=\"352\" frameborder=\"0\" allowfullscreen allow=\"autoplay; clipboard-write; encrypted-media; fullscreen; picture-in-picture\" loading=\"lazy\" src=\"https:\/\/open.spotify.com\/embed\/album\/7tg11V9qhF2C9OoJgB1fnX?si=Xr1PWPz7Toqg8A7Y6r5dUg&#038;utm_source=oembed\"><\/iframe>\n<\/div><\/figure>\n\n\n\n<p>V\u00edctor: Blau. El nom de la rosa. Gladiator (o Cadena perp\u00e8tua, no s\u00e9 quin n&#039;haur\u00e9 vist m\u00e9s). <em>Una setmana al motor d&#039;un autob\u00fas<\/em>, dels Planetes.<\/p>\n\n\n\n<figure class=\"wp-block-embed is-type-rich is-provider-spotify wp-block-embed-spotify wp-embed-aspect-21-9 wp-has-aspect-ratio\"><div class=\"wp-block-embed__wrapper\">\n<iframe title=\"Spotify Embed: Una Setmana Al Motor D&#039;Un Autobus\" style=\"border-radius: 12px\" width=\"100%\" height=\"352\" frameborder=\"0\" allowfullscreen allow=\"autoplay; clipboard-write; encrypted-media; fullscreen; picture-in-picture\" loading=\"lazy\" src=\"https:\/\/open.spotify.com\/embed\/album\/1mKYDmOkGg46TMEfdTGts1?si=G-9cTccnQ2OQG8_uFDRrTw&#038;utm_source=oembed\"><\/iframe>\n<\/div><\/figure>\n\n\n\n<h5 class=\"wp-block-heading has-medium-font-size\"><strong>\u00c9s casa vostra reflex de qui sou? Expliqueu-nos a qu\u00e8 fa olor, el vostre rac\u00f3 favorit, el vostre objecte decoratiu o moble fetitxe, si atresoreu alguna col\u00b7lecci\u00f3\u2026 I si teniu mascota, presenta&#039;ns-la!<\/strong><\/h5>\n\n\n\n<p>Cristina: Pot ser\u2026 M&#039;agraden les coses amb \u00e0nima, tot molt senzill, molt pocs elements, nom\u00e9s els b\u00e0sics o que hi aportin alguna cosa. No hi ha res de superflu. Qualsevol rac\u00f3 amb plantes. La veritat que veient-la ara podria ser un decorat, m&#039;he mudat de casa moltes vegades aix\u00ed que intento no acumular gaire.<\/p>\n\n\n\n<p>V\u00edctor: No m&#039;ho havia plantejat mai, per\u00f2 ara que ho preguntes, crec que una mica s\u00ed. Em vaig poder fer la casa que volia amb un espai de dia sense divisions, en tons neutres per\u00f2 amb tocs de calidesa. Si pogu\u00e9s destacar alguna cosa seria la llum, encara que \u00e9s un segon pis, el balc\u00f3 d\u00f3na a un arbre del parad\u00eds que a la primavera sembla que el tinguem dins de casa. Tenim un pomeranian (<a href=\"https:\/\/www.instagram.com\/zetapom\/\" target=\"_blank\" rel=\"noreferrer noopener\">zetapom<\/a>), que \u00e9s la m\u00e9s acaronada de la casa. T\u00e9 llits a totes les habitacions, per\u00f2 al final sempre acaba a sobre del sof\u00e0 amb nosaltres.<\/p>\n\n\n\n<figure class=\"wp-block-image\"><img loading=\"lazy\" decoding=\"async\" width=\"600\" height=\"428\" src=\"https:\/\/www.monapart.com\/magazine\/wp-content\/uploads\/2022\/08\/entrevista_moiz_monapart_3_0.png\" alt=\"MOIZ STUDIO: PROJECTES QUE COMPTEN HIST\u00d2RIES | Monapart \" class=\"wp-image-1202\" title=\"entrevista_moiz_monapart_3\" srcset=\"https:\/\/www.monapart.com\/magazine\/wp-content\/uploads\/2022\/08\/entrevista_moiz_monapart_3_0.png 600w, https:\/\/www.monapart.com\/magazine\/wp-content\/uploads\/2022\/08\/entrevista_moiz_monapart_3_0-300x214.png 300w\" sizes=\"auto, (max-width: 600px) 100vw, 600px\" \/><\/figure>\n\n\n\n<h5 class=\"wp-block-heading has-medium-font-size\"><strong>Si pogueu comprar-vos qualsevol cosa ara mateix i emportar-vos-la a casa, quina seria? Qualsevol cosa!<\/strong><\/h5>\n\n\n\n<p>Cristina: Una obra original d&#039;art de la meva amiga Bel\u00e9n Segarra o d&#039;altres artistes una mica m\u00e9s coneguts com Olafur Eliason jajaja!<\/p>\n\n\n\n<p>V\u00edctor: Una terrassa amb piscina\u2026 crec que nom\u00e9s hi penso ara jajaja. Una altra cosa ser\u00e0 com la poso sense que es queixin els ve\u00efns.<\/p>\n\n\n\n<figure class=\"wp-block-image\"><img loading=\"lazy\" decoding=\"async\" width=\"600\" height=\"428\" src=\"https:\/\/www.monapart.com\/magazine\/wp-content\/uploads\/2022\/08\/entrevista_moiz_monapart_4.png\" alt=\"MOIZ STUDIO: PROJECTES QUE COMPTEN HIST\u00d2RIES | Monapart \" class=\"wp-image-1203\" title=\"entrevista_moiz_monapart_4\" srcset=\"https:\/\/www.monapart.com\/magazine\/wp-content\/uploads\/2022\/08\/entrevista_moiz_monapart_4.png 600w, https:\/\/www.monapart.com\/magazine\/wp-content\/uploads\/2022\/08\/entrevista_moiz_monapart_4-300x214.png 300w\" sizes=\"auto, (max-width: 600px) 100vw, 600px\" \/><\/figure>\n\n\n\n<h5 class=\"wp-block-heading has-medium-font-size\"><strong>Un pla a casa sempre inclou\u2026<\/strong><\/h5>\n\n\n\n<p>Cristina: Beguda i m\u00fasica (i una il\u00b7luminaci\u00f3 especial)<\/p>\n\n\n\n<p>V\u00edctor: M\u00fasica de fons, cervesa i una bona conversa en qu\u00e8 arreglem el m\u00f3n.<\/p>\n\n\n\n<h5 class=\"wp-block-heading has-medium-font-size\"><strong>Teniu algun plat estrella?<\/strong><\/h5>\n\n\n\n<p>Cristina: Com a bona valenciana, ha de ser un arr\u00f2s. El que em surt millor \u00e9s l&#039;arr\u00f2s cald\u00f3s de pollastre, ja que la paella encara no em surt gaire b\u00e9.<\/p>\n\n\n\n<p>V\u00edctor: Encara que m&#039;encanta cuinar, \u00faltimament no ho estic fent gaire, per\u00f2 si he de triar el meu plat especial, seria el risotto. Aquesta espera per fer-ho mel\u00f3s, amb un bon vi blanc fresc pot ser dels millors plans per a un dissabte.<\/p>\n\n\n\n<h5 class=\"wp-block-heading has-medium-font-size\"><strong>Quin \u00e9s el vostre lloc favorit a la vostra ciutat? I a l&#039;estranger?&nbsp;<\/strong><\/h5>\n\n\n\n<p>Cristina: Ara mateix estic vivint a Oslo, i aqu\u00ed el meu lloc preferit \u00e9s el riu Akerselva, ple de cascades i una natura salvatge impressionant.<\/p>\n\n\n\n<p>V\u00edctor: A Val\u00e8ncia, el Jard\u00ed del T\u00faria, crec que no hi ha espai amb qu\u00e8 gaudeixi tant, ni estigui tantes hores. A l&#039;estranger, el museu Louisiana d&#039;art modern, a prop de Copenhaguen.<\/p>\n\n\n\n<figure class=\"wp-block-image\"><img loading=\"lazy\" decoding=\"async\" width=\"600\" height=\"428\" src=\"https:\/\/www.monapart.com\/magazine\/wp-content\/uploads\/2022\/08\/entrevista_moiz_monapart_5.png\" alt=\"MOIZ STUDIO: PROJECTES QUE COMPTEN HIST\u00d2RIES | Monapart \" class=\"wp-image-1204\" title=\"entrevista_moiz_monapart_5\" srcset=\"https:\/\/www.monapart.com\/magazine\/wp-content\/uploads\/2022\/08\/entrevista_moiz_monapart_5.png 600w, https:\/\/www.monapart.com\/magazine\/wp-content\/uploads\/2022\/08\/entrevista_moiz_monapart_5-300x214.png 300w\" sizes=\"auto, (max-width: 600px) 100vw, 600px\" \/><\/figure>\n\n\n\n<h3 class=\"wp-block-heading\">Amb una visi\u00f3 compartida que va m\u00e9s enll\u00e0 del disseny, Cristina i V\u00edctor s\u00f3n un clar exemple de com l&#039;arquitectura pot narrar hist\u00f2ries, fer sentir i connectar les persones amb els espais que habiten. El seu enfocament personal i el seu amor pel detall fan de cada projecte un testimoni \u00fanic de la seva passi\u00f3 per crear ambients que enriqueixen la vida dels qui en gaudeixen.<br><\/h3>","protected":false},"excerpt":{"rendered":"<p>Cristina Moya i V\u00edctor Ru\u00edz s\u00f3n arquitectes i amics, una combinaci\u00f3 infal\u00b7lible perqu\u00e8 sorg\u00eds Moiz Studio. A cavall entre Val\u00e8ncia i Oslo, aconsegueixen el m\u00e9s important per a ells, i \u00e9s que els seus clients estiguin sempre contents i satisfets amb els seus projectes. Possiblement nom\u00e9s hi ha alg\u00fa m\u00e9s mimat que els clients de Moiz Studio, i aquesta \u00e9s Zeta, (zetapom en instagram), l&#039;adorable pomer\u00e0nia de V\u00edctor.<\/p>","protected":false},"author":3,"featured_media":1200,"comment_status":"closed","ping_status":"closed","sticky":false,"template":"","format":"standard","meta":{"_acf_changed":false,"footnotes":""},"categories":[2844,2845],"tags":[2881,2885,2870,2871],"class_list":["post-1199","post","type-post","status-publish","format-standard","has-post-thumbnail","hentry","category-hogar","category-mi-monapart","tag-mobiliario","tag-arquitectura","tag-diseno","tag-interiorismo"],"acf":[],"_links":{"self":[{"href":"https:\/\/www.monapart.com\/magazine\/ca\/wp-json\/wp\/v2\/posts\/1199","targetHints":{"allow":["GET"]}}],"collection":[{"href":"https:\/\/www.monapart.com\/magazine\/ca\/wp-json\/wp\/v2\/posts"}],"about":[{"href":"https:\/\/www.monapart.com\/magazine\/ca\/wp-json\/wp\/v2\/types\/post"}],"author":[{"embeddable":true,"href":"https:\/\/www.monapart.com\/magazine\/ca\/wp-json\/wp\/v2\/users\/3"}],"replies":[{"embeddable":true,"href":"https:\/\/www.monapart.com\/magazine\/ca\/wp-json\/wp\/v2\/comments?post=1199"}],"version-history":[{"count":1,"href":"https:\/\/www.monapart.com\/magazine\/ca\/wp-json\/wp\/v2\/posts\/1199\/revisions"}],"predecessor-version":[{"id":16866,"href":"https:\/\/www.monapart.com\/magazine\/ca\/wp-json\/wp\/v2\/posts\/1199\/revisions\/16866"}],"wp:featuredmedia":[{"embeddable":true,"href":"https:\/\/www.monapart.com\/magazine\/ca\/wp-json\/wp\/v2\/media\/1200"}],"wp:attachment":[{"href":"https:\/\/www.monapart.com\/magazine\/ca\/wp-json\/wp\/v2\/media?parent=1199"}],"wp:term":[{"taxonomy":"category","embeddable":true,"href":"https:\/\/www.monapart.com\/magazine\/ca\/wp-json\/wp\/v2\/categories?post=1199"},{"taxonomy":"post_tag","embeddable":true,"href":"https:\/\/www.monapart.com\/magazine\/ca\/wp-json\/wp\/v2\/tags?post=1199"}],"curies":[{"name":"wp","href":"https:\/\/api.w.org\/{rel}","templated":true}]}}