{"id":1162,"date":"2022-06-14T11:06:06","date_gmt":"2022-06-14T09:06:06","guid":{"rendered":"https:\/\/www.monapart.com\/magazine\/?p=1162"},"modified":"2025-06-20T12:32:08","modified_gmt":"2025-06-20T10:32:08","slug":"laura-veragues-connectant-amb-allo-essencial","status":"publish","type":"post","link":"https:\/\/www.monapart.com\/magazine\/ca\/hogar\/laura-veraguas-conectando-con-lo-esencial","title":{"rendered":"Laura Veraguas: connectant amb all\u00f2 essencial"},"content":{"rendered":"<h1 class=\"wp-block-heading\">Laura Veraguas: connectant amb all\u00f2 essencial<\/h1>\n\n\n\n<h2 class=\"wp-block-heading\">Ens endinsem en una cuina amb elaboracions senzilles i naturals, que ens alimenten el cos i l&#039;\u00e0nima.<\/h2>\n\n\n<div class='post-info'>14 de juny de 2022 per <a href='https:\/\/www.monapart.com\/magazine\/ca\/autor\/monapart'>Monapart<\/a><\/div>\n\n\n\n<h3 class=\"wp-block-heading\">La Laura ens convida a un univers on la cuina \u00e9s m\u00e9s que menjar: \u00e9s emoci\u00f3, valors i connexi\u00f3 amb all\u00f2 natural. Demostra ser una persona inquieta amb una gran sensibilitat i tot aix\u00f2 ho bolca al seu projecte. Ens embarquem en un viatge d&#039;anada i tornada a all\u00f2 essencial. Preparats?<\/h3>\n\n\n\n<figure class=\"wp-block-image\"><img decoding=\"async\" src=\"https:\/\/www.monapart.com\/sites\/default\/files\/styles\/scale_960xn_\/public\/mediabrowser\/entrevista-laura_veraguas.png?itok=lMApzXTb\" alt=\"Laura Veraguas: connectant amb all\u00f2 essencial | Monapart \" title=\"entrevista-laura-veraguas\"\/><\/figure>\n\n\n\n<h5 class=\"wp-block-heading has-medium-font-size\"><strong>Parla&#039;ns de tu i de la teva feina. On va n\u00e9ixer la teva vocaci\u00f3? Algun primer record?<\/strong><\/h5>\n\n\n\n<p>Realment mai no em faig aquesta pregunta. Crec que la cuina existeix al meu ADN, va amb mi i forma part de mi des que tinc ra\u00f3 de ser. La vocaci\u00f3 est\u00e0 integrada, nom\u00e9s va existir l&#039;exercici de presentaci\u00f3 de mi amb les meves inquietuds i l&#039;acompanyament que fins ara hi ha igual de potent que als inicis de la meva carrera professional.<\/p>\n\n\n\n<p>Com a primer record de presentaci\u00f3 de mi amb les meves inquietuds, com et comentava abans, et podria explicar l&#039;experi\u00e8ncia de cuinar a la meva mare amb 13 anys unes peres al forn amb una salsa de formatge blau. Recordo que vam anar a comprar i buscar exactament tots els ingredients juntes, em vaig posar fil a l&#039;agulla i el resultat no va ser el que esperava, i em vaig enfadar tant que vaig deixar la cuina en un estat lamentable. D&#039;altra banda, la meva mare se les va menjar encantada, \u00e9s clar\u2026 Amor de mare. Aquest esdeveniment i altres han fet que tingui un nivell d&#039;autoexig\u00e8ncia molt alt. Gr\u00e0cies, mare!<\/p>\n\n\n\n<figure class=\"wp-block-image\"><img decoding=\"async\" src=\"https:\/\/www.monapart.com\/sites\/default\/files\/styles\/scale_960xn_\/public\/mediabrowser\/entrevista-lauras_veraguas-8.png?itok=znHpv4-z\" alt=\"Laura Veraguas: connectant amb all\u00f2 essencial | Monapart\" title=\"entrevista-llaures-veraguas-8\"\/><\/figure>\n\n\n\n<h5 class=\"wp-block-heading has-medium-font-size\"><strong>Qu\u00e8 \u00e9s el que m\u00e9s et satisf\u00e0 de la teva feina? Alg\u00fa del que et sentis especialment orgullosa?<\/strong><\/h5>\n\n\n\n<p>El que em satisf\u00e0 m\u00e9s de la meva feina \u00e9s veure com les persones es connecten amb les diferents propostes gastron\u00f2miques. Observar que no nom\u00e9s mengen plaer, sin\u00f3 valors. L&#039;emoci\u00f3, la concentraci\u00f3 del comensal. En realitat, em satisf\u00e0 molt\u00edssimes coses de la meva feina. I una cosa que em faci sentir especialment orgullosa, seria aconseguir que la senzillesa als plats sigui valorada.<\/p>\n\n\n\n<figure class=\"wp-block-image\"><img decoding=\"async\" src=\"https:\/\/www.monapart.com\/sites\/default\/files\/styles\/scale_960xn_\/public\/mediabrowser\/entrevista-laura_veraguas-6.png?itok=gNdF3Y-v\" alt=\"Laura Veraguas: connectant amb all\u00f2 essencial | Monapart\" title=\"entrevista-laura-veraguas-6\"\/><\/figure>\n\n\n\n<h5 class=\"wp-block-heading has-medium-font-size\"><strong>Com \u00e9s el teu proc\u00e9s creatiu? Quines s\u00f3n les fonts d&#039;inspiraci\u00f3? Alguna m\u00fasica especialment mentre treballes?<\/strong><\/h5>\n\n\n\n<p>El meu proc\u00e9s creatiu \u00e9s insaciable. M&#039;interessa tot i aix\u00f2 em fa generar propostes interconnectades per diferents disciplines com ara la filosofia, el disseny, l&#039;art\u2026 La meva principal font d&#039;inspiraci\u00f3 \u00e9s la NATURA. Normalment, no treballo amb m\u00fasica per un tema de concentraci\u00f3 i perqu\u00e8 m&#039;encanta la m\u00fasica i podria prestar-hi m\u00e9s atenci\u00f3 que a les meves tasques gastron\u00f2mics en segons quin moment, per\u00f2 Leonard Cohen, Nick Cave i Bad Seeds o Wim mertens, entre molts altres, serien ideals com a acompanyants.<\/p>\n\n\n\n<h5 class=\"wp-block-heading has-medium-font-size\"><strong>Color, llibre, pel\u00b7li i disc favorits. Per aquest ordre! ;D<\/strong><\/h5>\n\n\n\n<p>Blanc.<\/p>\n\n\n\n<p>La revoluci\u00f3 d&#039;un bri de palla (Masanobu Fukuoka)<\/p>\n\n\n\n<p>Mauvais Sang (Leos Carax)<\/p>\n\n\n\n<p>Mulatu Astatke (The story of ethio Jazz 1965-1975)<\/p>\n\n\n\n<figure class=\"wp-block-embed is-type-rich is-provider-spotify wp-block-embed-spotify wp-embed-aspect-21-9 wp-has-aspect-ratio\"><div class=\"wp-block-embed__wrapper\">\n<iframe title=\"Spotify Embed: Nova York - Addis - London: The Story of Ethio Jazz 1965-1975\" style=\"border-radius: 12px\" width=\"100%\" height=\"352\" frameborder=\"0\" allowfullscreen allow=\"autoplay; clipboard-write; encrypted-media; fullscreen; picture-in-picture\" loading=\"lazy\" src=\"https:\/\/open.spotify.com\/embed\/album\/3MHdUsf9wX9WffvOP59RBz?go=1&#038;sp_cid=fd727a3e1f73196193831a97f99a4aab&#038;utm_source=oembed&#038;utm_medium=desktop&#038;nd=1&#038;dlsi=482f7fe5d004432f\"><\/iframe>\n<\/div><\/figure>\n\n\n\n<h5 class=\"wp-block-heading has-medium-font-size\"><strong>\u00c9s casa teva reflex de qui ets? Explica&#039;ns a qu\u00e8 fa olor, el teu rac\u00f3 favorit, el teu objecte decoratiu o moble fetitxe, si atresores alguna col\u00b7lecci\u00f3\u2026 I si tens mascota, presenta&#039;ns-la!<\/strong><\/h5>\n\n\n\n<p>S\u00f3c reflex de la meva mare. Casa meva fa olor de menjar gaireb\u00e9 sempre. El meu lloc i objectes sagrats \u00e9s la llibreria amb els llibres. Tinc mascotes Uma (gateta) i Pitu (gosseta), que ja no \u00e9s en aquest m\u00f3n.<\/p>\n\n\n\n<figure class=\"wp-block-image\"><img decoding=\"async\" src=\"https:\/\/www.monapart.com\/sites\/default\/files\/styles\/scale_960xn_\/public\/mediabrowser\/entrevista-laura_veraguas-5.png?itok=rCmfO2ms\" alt=\"Laura Veraguas: connectant amb all\u00f2 essencial | Monapart\" title=\"entrevista-laura-veraguas-5\"\/><\/figure>\n\n\n\n<h5 class=\"wp-block-heading has-medium-font-size\"><strong>Si poguessis comprar-te qualsevol cosa ara mateix i emportar-te-la a casa, quina seria? Qualsevol cosa!<\/strong><\/h5>\n\n\n\n<p>La veritat \u00e9s que no ho s\u00e9, cada vegada s\u00f3c menys materialista.<\/p>\n\n\n\n<h5 class=\"wp-block-heading has-medium-font-size\"><strong>Un pla a casa sempre inclou\u2026<\/strong><\/h5>\n\n\n\n<p>Menjar, bon vi i bona m\u00fasica.<\/p>\n\n\n\n<h5 class=\"wp-block-heading has-medium-font-size\"><strong>Tens algun plat estrella?<\/strong><\/h5>\n\n\n\n<p>Una ins\u00edgnia de VEURE AIG\u00dcES seria el porro confitat a baixa temperatura amb placa de porro cruixent i l&#039;hort.<\/p>\n\n\n\n<figure class=\"wp-block-image\"><img decoding=\"async\" src=\"https:\/\/www.monapart.com\/sites\/default\/files\/styles\/scale_960xn_\/public\/mediabrowser\/entrevista-laura_veraguas-4.png?itok=J29pb7zS\" alt=\"Laura Veraguas: connectant amb all\u00f2 essencial | Monapart\" title=\"entrevista-laura-veraguas-4\"\/><\/figure>\n\n\n\n<h5 class=\"wp-block-heading has-medium-font-size\"><strong>Quin \u00e9s el teu lloc preferit a la teva ciutat? I a l&#039;estranger?<\/strong><\/h5>\n\n\n\n<p>Qualsevol on hi hagi poca gent s\u00e9 gaudir de tots els espais. Qualsevol part que sigui salvatge i amb molta naturalesa, per\u00f2 com et dic, em deixo sorprendre constantment.<\/p>\n\n\n\n<h5 class=\"wp-block-heading has-medium-font-size\"><strong>Cosa que ens vulguis explicar i que no t&#039;haguem preguntat. Parla ara o calla per sempre!<\/strong><\/h5>\n\n\n\n<p>Saps que VEURE AIG\u00dcES fa refer\u00e8ncia a la flu\u00efdesa de l&#039;aigua, a la transpar\u00e8ncia, a la capacitat de poder arribar i filtrar-se a qualsevol lloc\u2026? Doncs aix\u00ed \u00e9s VEURE AIG\u00dcES.<\/p>\n\n\n\n<h3 class=\"wp-block-heading\">La seva inquietud i sensibilitat la porten a crear plats que, en la seva senzillesa aparent, amaguen un profund respecte pel producte i la seva hist\u00f2ria. Com l&#039;aigua, la cuina flueix, s&#039;adapta i troba el cam\u00ed. I en aquest viatge, ens recorda la bellesa del que \u00e9s essencial.<\/h3>\n\n\n\n<p><\/p>","protected":false},"excerpt":{"rendered":"<p>Laura Veraguas: conectando con lo esencial Nos adentramos en una cocina con elaboraciones sencillas y naturales, de esas que nos alimentan el cuerpo y el alma. Laura nos invita a un universo donde la cocina es m\u00e1s que comida: es emoci\u00f3n, valores y conexi\u00f3n con lo natural. Demuestra ser una persona inquieta con una gran [&hellip;]<\/p>\n","protected":false},"author":3,"featured_media":1163,"comment_status":"closed","ping_status":"closed","sticky":false,"template":"","format":"standard","meta":{"_acf_changed":false,"footnotes":""},"categories":[2844,2845],"tags":[3264],"class_list":["post-1162","post","type-post","status-publish","format-standard","has-post-thumbnail","hentry","category-hogar","category-mi-monapart","tag-alimentacion"],"acf":[],"_links":{"self":[{"href":"https:\/\/www.monapart.com\/magazine\/ca\/wp-json\/wp\/v2\/posts\/1162","targetHints":{"allow":["GET"]}}],"collection":[{"href":"https:\/\/www.monapart.com\/magazine\/ca\/wp-json\/wp\/v2\/posts"}],"about":[{"href":"https:\/\/www.monapart.com\/magazine\/ca\/wp-json\/wp\/v2\/types\/post"}],"author":[{"embeddable":true,"href":"https:\/\/www.monapart.com\/magazine\/ca\/wp-json\/wp\/v2\/users\/3"}],"replies":[{"embeddable":true,"href":"https:\/\/www.monapart.com\/magazine\/ca\/wp-json\/wp\/v2\/comments?post=1162"}],"version-history":[{"count":1,"href":"https:\/\/www.monapart.com\/magazine\/ca\/wp-json\/wp\/v2\/posts\/1162\/revisions"}],"predecessor-version":[{"id":17257,"href":"https:\/\/www.monapart.com\/magazine\/ca\/wp-json\/wp\/v2\/posts\/1162\/revisions\/17257"}],"wp:featuredmedia":[{"embeddable":true,"href":"https:\/\/www.monapart.com\/magazine\/ca\/wp-json\/wp\/v2\/media\/1163"}],"wp:attachment":[{"href":"https:\/\/www.monapart.com\/magazine\/ca\/wp-json\/wp\/v2\/media?parent=1162"}],"wp:term":[{"taxonomy":"category","embeddable":true,"href":"https:\/\/www.monapart.com\/magazine\/ca\/wp-json\/wp\/v2\/categories?post=1162"},{"taxonomy":"post_tag","embeddable":true,"href":"https:\/\/www.monapart.com\/magazine\/ca\/wp-json\/wp\/v2\/tags?post=1162"}],"curies":[{"name":"wp","href":"https:\/\/api.w.org\/{rel}","templated":true}]}}