{"id":1158,"date":"2022-05-05T13:02:15","date_gmt":"2022-05-05T11:02:15","guid":{"rendered":"https:\/\/www.monapart.com\/magazine\/?p=1158"},"modified":"2025-03-25T11:44:10","modified_gmt":"2025-03-25T10:44:10","slug":"no-em-truquis-dolors-anomenam-lola","status":"publish","type":"post","link":"https:\/\/www.monapart.com\/magazine\/ca\/gente-real\/no-me-llames-dolores-llamame-lola","title":{"rendered":"No em truquis Dolores, truca&#039;m Lola"},"content":{"rendered":"<h1 class=\"wp-block-heading\">No em truquis Dolores, truca&#039;m Lola<\/h1>\n\n\n\n<h2 class=\"wp-block-heading\">Repensant el rol de l&#039;agent immobiliari: de prove\u00efdor a soci a la recerca d&#039;una relaci\u00f3 m\u00e9s col\u00b7laborativa i transparent.<\/h2>\n\n\n<div class='post-info'>5 de maig de 2022 per <a href='https:\/\/www.monapart.com\/magazine\/ca\/autor\/jose-luis-echeverria'>Jos\u00e9 Luis Echeverr\u00eda<\/a><\/div>\n\n\n\n<p><\/p>\n\n\n\n<p><em>Agent<\/em> immobili\u00e0ria, <em>assessora <\/em>immobili\u00e0ria, <em>consultor<\/em> immobiliari, <em>Realtor<\/em>\u2026 Al sector immobiliari espanyol portem anys buscant una manera nova de trucar als nostres professionals. Crec que respon a un sentit compartit durg\u00e8ncia per <em>rebranderitzar<\/em> la professi\u00f3 mateixa, veient que, malgrat l&#039;evident millora que ha experimentat el nostre sector en la darrera d\u00e8cada, no aconseguim despullar-nos de les connotacions negatives que suscita. D&#039;aix\u00f2 darrer vaig escriure amb anterioritat al post <a href=\"\/magazine\/ca\/node\/3798\/\" target=\"_blank\" rel=\"noreferrer noopener\">El prestigi de l&#039;agent immobiliari<\/a>.\u00a0<\/p>\n\n\n\n<p>En aquest post analitzar\u00e9 les accepcions de cada paraula que ens anomena \u201cagent, assessor, consultora, Realtor\u201d i en proposar\u00e9 una altra de diferent que respon a una an\u00e0lisi alternativa de la naturalesa de la relaci\u00f3 agent-client.<\/p>\n\n\n\n<figure class=\"wp-block-image\"><img decoding=\"async\" src=\"https:\/\/www.monapart.com\/sites\/default\/files\/styles\/scale_960xn_\/public\/mediabrowser\/no-me-llames-dolores-llamame-lola-1.jpeg?itok=GrWruPbg\" alt=\"No em truquis Dolores, truca&#039;m Lola | Monapart\" title=\"no-em-truquis-dolors-truqueu-lola-1\"\/><\/figure>\n\n\n\n<h5 class=\"wp-block-heading has-medium-font-size\">D&#039;agent a assessor\/consultor a Realtor<\/h5>\n\n\n\n<p>La RAE defineix agent com la <em>&quot;persona que obra amb poder d&#039;una altra per gestionar alguna cosa en nom seu&quot; <\/em>com ho s\u00f3n un agent art\u00edstic, un agent literari, un agent comercial o un agent immobiliari\u2026<br><em>\u201cLa paraula ag\u00e8ncia ens remet etimol\u00f2gicament al llat\u00ed &#039;agentia&#039;, paraula composta, integrada pel verb agere que pot traduir-se com actuar m\u00e9s el sufix -ia indicatiu de qualitat (\u2026)\u201d<\/em> font: <a href=\"https:\/\/deconceptos.com\/ciencias-sociales\/agencia\" target=\"_blank\" rel=\"noreferrer noopener\">deconceptos.com<\/a><\/p>\n\n\n\n<p>I aleshores, a finals del s. XVIII, Adam Smith va enunciar el que dos segles despr\u00e9s es va teoritzar com el <a href=\"https:\/\/es.wikipedia.org\/wiki\/Problema_del_agente-principal#:~:text=En%20econom%C3%ADa%2C%20el%20problema%20del,cual%20no%20tiene%20perfecta%20informaci%C3%B3n.\" target=\"_blank\" rel=\"noreferrer noopener\">Problema de l&#039;agent principal o Problema d&#039;ag\u00e8ncia<\/a>, que <em>\u201cdesigna un conjunt de situacions que s&#039;originen quan un actor econ\u00f2mic (el principal o el jerarca) dep\u00e8n de l&#039;acci\u00f3 o de la naturalesa o de la moral d&#039;un altre actor (l&#039;agent), sobre el qual no t\u00e9 informaci\u00f3 perfecta (\u2026)\u201d.<\/em> I va obrir un mel\u00f3.<\/p>\n\n\n\n<p>Per complicar-ho m\u00e9s, resulta que el nostre agent cobra a \u00e8xit i ho fa en funci\u00f3 del preu de venda que aconsegueix. I, a difer\u00e8ncia d&#039;altres agents \u2012literaris, art\u00edstics, de borsa\u2012, el nostre agent competeix amb 115.000 m\u00e9s a Espanya \u2012o un mili\u00f3 i mig si treballa als Estats Units\u2012, aix\u00ed que, de mitjana, fa poques vendes i li conv\u00e9 fer-les r\u00e0pidament. En relaci\u00f3 amb aix\u00f2 \u00faltim, Steven D. Levitt i Stephen J. Dubner ja ens van treure els colors fa molts anys al <a href=\"https:\/\/www.casadellibro.com\/libro-freakonomics-un-economista-politicamente-incorrecto-explora-el-l-ado-oculto-de-lo-que-nos-afecta\/9788496581814\/1126058\" target=\"_blank\" rel=\"noreferrer noopener\">segon cap\u00edtol de Freakonomics<\/a>.<\/p>\n\n\n\n<p>Podem dir que la naturalesa del nostre ofici porta associada una mena de maledicci\u00f3 de naixement. <a href=\"https:\/\/dle.rae.es\/agenciar\" target=\"_blank\" rel=\"noreferrer noopener\">Agenciar<\/a>\u00a0segons la RAE \u2012<em>\u201dFer les dilig\u00e8ncies conduents a aconseguir alguna cosa\u201d<\/em>\u2012 porta associat de forma indefectible el &#039;Problema d&#039;ag\u00e8ncia&#039;, abans esmentat. Per aix\u00f2, crec que rebatejar l&#039;agent com <strong>assessor\/consultor<\/strong> ha estat la primera proposta d&#039;allunyament del terme agent i de totes les complicacions associades. Per\u00f2, un assessor, assessora; a un consultor, se&#039;l consulta; i en cap cas s\u00f3n faedors. Analitzen, suggereixen, proposen, per\u00f2 en termes generals no executen. No agencia i, el m\u00e9s important, no cobren a \u00e8xit. <\/p>\n\n\n\n<p>Aix\u00ed que, per qu\u00e8 ens anomenar\u00edem consultors? La meva hip\u00f2tesi \u00e9s que els serveis immobiliaris han volgut homologar els seus professionals amb aquells de consultoria estrat\u00e8gica \u2013Deloitte, PriceWaterhouseCoopers, Ernst &amp; Young, KPMG, etc\u00e8tera\u2013 aquesta gent de trenta anys amb vestit blau, MBA i mala fama.<\/p>\n\n\n\n<figure class=\"wp-block-image\"><img decoding=\"async\" src=\"https:\/\/www.monapart.com\/sites\/default\/files\/styles\/scale_960xn_\/public\/mediabrowser\/universidad_monapart_no_me_llames_dolores_llamame_lola.jpeg?itok=TwNd6HzS\" alt=\"No em truquis Dolores, truca&#039;m Lola | Monapart\" title=\"universitat-monapart-no-em-flames-dolors-truqueu-lola\"\/><\/figure>\n\n\n\n<p>Podr\u00edem haver-nos conformat \u2013equiparats a altres professionals q\u00fcestionables que han gastat m\u00e9s en educaci\u00f3\u2013, per\u00f2 immunes al des\u00e0nim, i veient que el castell\u00e0 \u2013aquest idioma de 88.000 paraules\u2013 no t\u00e9 prou bona per definir-ho, alguns agents ara es fan dir \u201cRealtor\u201d.<\/p>\n\n\n\n<p><br>La q\u00fcesti\u00f3 \u00e9s que no tothom qui es diu a si mateix Realtor ho \u00e9s, sin\u00f3 que com indica la pr\u00f2pia <a href=\"https:\/\/siralia.com\/nar\/\" target=\"_blank\" rel=\"noreferrer noopener\">p\u00e0gina web de SIRA<\/a>, <em>\u201cEl terme REALTOR\u00ae \u00e9s una marca registrada que identifica el professional immobiliari que \u00e9s membre de la National Association of REALTORS\u00ae i subscriu el seu estricte Codi \u00c8tic.\u201d<\/em> \u00c9s a dir, cal estudiar i afiliar-se en lloc de nom\u00e9s etiquetar-se en angl\u00e8s.<\/p>\n\n\n\n<figure class=\"wp-block-image\"><img decoding=\"async\" src=\"https:\/\/www.monapart.com\/sites\/default\/files\/styles\/scale_960xn_\/public\/mediabrowser\/universidad-monapart-no-me-llames-dolores-llamame-lola-2.jpeg?itok=iWqdEQke\" alt=\"No em truquis Dolores, truca&#039;m Lola | Monapart\" title=\"universitat-monapart-no-em-flames-dolors-truqueu-lola-2\"\/><\/figure>\n\n\n\n<h5 class=\"wp-block-heading has-medium-font-size\">Reconceptualitzar el marc relacional: de <em>prove\u00efdor<\/em> a <em>soci<\/em><\/h5>\n\n\n\n<p>Una advocada cobra la seva minuta guanyi o perdi un cas; un cirurgi\u00e0 cobra la seva operaci\u00f3 fins i tot si el pacient mor per causes no imputables a una mala praxi; l&#039;arquitecte cobra part del projecte si l&#039;obra s&#039;acaba no fent. Tots ells s\u00f3n <em>prove\u00efdors de servei<\/em>; cobren per fer una feina, no per tenir \u00e8xit, encara que aquesta es pressuposi. Se&#039;ls paga pel que <em>proveeixen<\/em>. Per aix\u00f2, perqu\u00e8 cap client s&#039;avindria a retribuir un agent immobiliari pel servei prestat si aquest no fos lligat a resultats entesos en termes de tot o res, em sorpr\u00e8n tant que ens concebem com a prove\u00efdors de serveis.&nbsp;<\/p>\n\n\n\n<p>Per contra \u2013i aqu\u00ed ve la meva proposta\u2012 podem concebre la relaci\u00f3 entre un propietari i el seu agent com aquella en qu\u00e8 les dues parts col\u00b7laboren \u2013necess\u00e0riament ha de ser aix\u00ed\u2013 en la consecuci\u00f3 d&#039;un objectiu que \u00e9s un objectiu de guany monetari. En ell, una part posa l&#039;objecte del negoci \u2012un actiu immobiliari\u2012 i l&#039;altra el coneixement i la inversi\u00f3 de temps i recursos perqu\u00e8 aquest negoci es perfeccioni. En cas d&#039;\u00e8xit, i nom\u00e9s en cas d&#039;\u00e8xit!, es reparteixen els guanys segons all\u00f2 acordat, posem per cas, en base a un repartiment 95%-5%. No \u00e9s aix\u00f2 el que fan els socis en un negoci? Repartir-se uns guanys, si n&#039;hi ha, en la proporci\u00f3 que considerin d&#039;acord amb la seva aportaci\u00f3?<\/p>\n\n\n\n<p>Se&#039;ns passa pel cap que cada soci vagi pel seu costat? Que no vagin a la una darrere del seu objectiu? Que es dificultin l&#039;un a l&#039;altre qualsevol possibilitat de tenir \u00e8xit? Per suposat que no. Per aix\u00f2 \u00e9s indispensable triar b\u00e9 amb qui es treballa; triar amb qui ens associem i per a quina fi; fonamentar aquesta relaci\u00f3 en la confian\u00e7a que no et fallar\u00e0 quan arribi el moment de la veritat; entendre si ens estem ficant en un negoci que t\u00e9 aspectes d&#039;\u00e8xit o que est\u00e0, de servei, abocat al frac\u00e0s.<\/p>\n\n\n\n<p>Prove\u00efdors vs. socis; cobrament vs. guany; treballar <em>per<\/em> vs. treballar <em>amb<\/em>\u2026 Em sembla un bon principi per explorar els protocols i els compromisos que possibilitin un nou marc relacional entre un agent i el seu client. Veurem si \u00e9s possible o no i si possibilita un nom per a la nostra professi\u00f3 amb qu\u00e8 ens sentim m\u00e9s c\u00f2modes i m\u00e9s ben representats.<\/p>\n\n\n\n<p><\/p>","protected":false},"excerpt":{"rendered":"<p>No me llames Dolores, ll\u00e1mame Lola Repensando el rol del agente inmobiliario: de proveedor a socio en la b\u00fasqueda de una relaci\u00f3n m\u00e1s colaborativa y transparente. Agente inmobiliaria, asesora inmobiliaria, consultor inmobiliario, Realtor\u2026 En el sector inmobiliario espa\u00f1ol llevamos a\u00f1os buscando una manera nueva de llamar a nuestros profesionales. Creo que responde a un sentido [&hellip;]<\/p>\n","protected":false},"author":12,"featured_media":1159,"comment_status":"closed","ping_status":"closed","sticky":false,"template":"","format":"standard","meta":{"_acf_changed":false,"footnotes":""},"categories":[2849,2850],"tags":[2873,2874,2876],"class_list":["post-1158","post","type-post","status-publish","format-standard","has-post-thumbnail","hentry","category-gente-real","category-formacion-inmobiliaria","tag-captacion","tag-comercializacion","tag-productividad"],"acf":[],"_links":{"self":[{"href":"https:\/\/www.monapart.com\/magazine\/ca\/wp-json\/wp\/v2\/posts\/1158","targetHints":{"allow":["GET"]}}],"collection":[{"href":"https:\/\/www.monapart.com\/magazine\/ca\/wp-json\/wp\/v2\/posts"}],"about":[{"href":"https:\/\/www.monapart.com\/magazine\/ca\/wp-json\/wp\/v2\/types\/post"}],"author":[{"embeddable":true,"href":"https:\/\/www.monapart.com\/magazine\/ca\/wp-json\/wp\/v2\/users\/12"}],"replies":[{"embeddable":true,"href":"https:\/\/www.monapart.com\/magazine\/ca\/wp-json\/wp\/v2\/comments?post=1158"}],"version-history":[{"count":0,"href":"https:\/\/www.monapart.com\/magazine\/ca\/wp-json\/wp\/v2\/posts\/1158\/revisions"}],"wp:featuredmedia":[{"embeddable":true,"href":"https:\/\/www.monapart.com\/magazine\/ca\/wp-json\/wp\/v2\/media\/1159"}],"wp:attachment":[{"href":"https:\/\/www.monapart.com\/magazine\/ca\/wp-json\/wp\/v2\/media?parent=1158"}],"wp:term":[{"taxonomy":"category","embeddable":true,"href":"https:\/\/www.monapart.com\/magazine\/ca\/wp-json\/wp\/v2\/categories?post=1158"},{"taxonomy":"post_tag","embeddable":true,"href":"https:\/\/www.monapart.com\/magazine\/ca\/wp-json\/wp\/v2\/tags?post=1158"}],"curies":[{"name":"wp","href":"https:\/\/api.w.org\/{rel}","templated":true}]}}