{"id":1148,"date":"2022-04-11T11:41:28","date_gmt":"2022-04-11T09:41:28","guid":{"rendered":"https:\/\/www.monapart.com\/magazine\/?p=1148"},"modified":"2025-06-23T13:55:21","modified_gmt":"2025-06-23T11:55:21","slug":"perque-sexpandeix-la-bretxa-entre-propietaris-i-llogaters-a-espana","status":"publish","type":"post","link":"https:\/\/www.monapart.com\/magazine\/ca\/consejo-inmobiliario\/por-que-se-expande-la-brecha-entre-propietarios-e-inquilinos-en-espana","title":{"rendered":"Per qu\u00e8 s&#039;expandeix la bretxa entre propietaris i llogaters a Espanya?"},"content":{"rendered":"<h1 class=\"wp-block-heading\">Per qu\u00e8 s&#039;expandeix la bretxa entre propietaris i llogaters a Espanya?<\/h1>\n\n\n\n<h2 class=\"wp-block-heading\">Analitzem la hist\u00f2ria i l&#039;actualitat del mercat per entendre a qu\u00e8 es deu l&#039;augment de propietaris al nostre pa\u00eds i l&#039;impacte al sector del lloguer.<\/h2>\n\n\n<div class='post-info'>11 d&#039;abril del 2022 per <a href='https:\/\/www.monapart.com\/magazine\/ca\/autor\/monapart'>Monapart<\/a><\/div>\n\n\n\n<p>Segons <a href=\"http:\/\/www.ine.es\/dyngs\/INEbase\/es\/operacion.htm?c=Estadistica_C&amp;cid=1254736176952&amp;menu=ultiDatos&amp;idp=1254735572981#:~:text=Encuesta%20continua%20de%20hogares.,%C3%9Altimos%20datos&amp;text=El%20n%C3%BAmero%20medio%20de%20hogares,a%C3%B1os%20viv%C3%ADa%20con%20sus%20padres.\" target=\"_blank\" rel=\"noopener\">L&#039;Enquesta Cont\u00ednua de les Llars<\/a>, publicada per l&#039;INE, \u00e9s cada vegada m\u00e9s gran la dist\u00e0ncia entre el nombre de propietaris i aquells que viuen a cases de lloguer. S\u201fobserva com puja el nombre d\u201fhabitatges amb hipoteques. Si est\u00e0s buscant\u00a0<a href=\"https:\/\/www.monapart.com\/es\/servicios\/vender\" target=\"_blank\" rel=\"noreferrer noopener\">vendre el teu pis<\/a> o propietat, aquest pot ser un bon moment.\u00a0<\/p>\n\n\n\n<p>Els especialistes s\u00f3n cautelosos. Busquen saber si la pujada \u00e9s conseq\u00fc\u00e8ncia d&#039;un efecte postpand\u00e8mia o si, en realitat, \u00e9s la identitat cultural espanyola procliu a la compra i la propietat la que licita per mantenir-se.<\/p>\n\n\n\n<figure class=\"wp-block-image\"><img decoding=\"async\" src=\"https:\/\/www.monapart.com\/sites\/default\/files\/styles\/scale_960xn_\/public\/mediabrowser\/brecha_entre_propietarios_e_inquilinos_en_espana.png?itok=kdQhq0q6\" alt=\"Per qu\u00e8 s&#039;expandeix la bretxa entre propietaris i llogaters a Espanya? | Monapart \" title=\"bretxa-entre-propietaris-e-inquilins-en-espanya\"\/><\/figure>\n\n\n\n<h5 class=\"wp-block-heading has-medium-font-size\"><a id=\"volumen de compra\"><\/a>El perqu\u00e8 de l&#039;augment en el volum de compra i les poques propietats de lloguer<\/h5>\n\n\n\n<p>Tot i que \u00e9s innegable que el percentatge d&#039;habitatges de lloguer ha pujat amb el pas dels anys, el nombre continua sent baix en comparaci\u00f3 amb el dels propietaris. El 2007, diferents enquestes calculaven que entre un 7% i un 14% dels espanyols vivien en pisos de lloguer. Per al 2018 el percentatge va pujar al 20%. Fins i tot l&#039;Eurostat portava aquest n\u00famero fins al 22%. Tot i aix\u00f2, aquestes dades no arriben a aproximar-se a la mitjana europea de 20% o al gaireb\u00e9 50% d&#039;Alemanya o \u00c0ustria.<\/p>\n\n\n\n<p><a href=\"https:\/\/es.statista.com\/estadisticas\/609973\/porcentaje-de-los-inquilinos-de-vivienda-union-espana\/\" target=\"_blank\" rel=\"noreferrer noopener\"><u>Percentatge d&#039;habitatge de lloguer a Espanya<\/u><\/a>&nbsp; &nbsp; &nbsp; &nbsp; &nbsp; &nbsp; &nbsp; &nbsp; &nbsp; &nbsp; &nbsp; &nbsp; &nbsp; &nbsp; &nbsp; &nbsp; &nbsp; &nbsp; &nbsp; &nbsp; &nbsp; &nbsp; &nbsp; &nbsp; &nbsp; &nbsp; &nbsp; &nbsp; &nbsp; &nbsp; &nbsp; &nbsp; &nbsp; &nbsp; &nbsp; &nbsp; &nbsp; &nbsp; &nbsp; &nbsp; &nbsp; &nbsp; &nbsp; &nbsp; &nbsp; &nbsp; &nbsp; &nbsp; &nbsp; &nbsp; &nbsp; &nbsp; &nbsp; &nbsp; &nbsp; &nbsp; &nbsp; &nbsp; &nbsp; &nbsp; &nbsp; &nbsp; &nbsp;<\/p>\n\n\n\n<figure class=\"wp-block-image\"><img decoding=\"async\" src=\"https:\/\/www.monapart.com\/sites\/default\/files\/styles\/scale_960xn_\/public\/mediabrowser\/brecha_propietarios_inquilinos_1.png?itok=2UxktvVU\" alt=\"Per qu\u00e8 s&#039;expandeix la bretxa entre propietaris i llogaters a Espanya? | Monapart \" title=\"bretxa-entre-propietaris-e-inquilins-en-espanya\"\/><\/figure>\n\n\n\n<p><a href=\"https:\/\/es.statista.com\/estadisticas\/607714\/porcentaje-de-poblacion-viviendo-de-alquiler-en-la-union-europea\/\" target=\"_blank\" rel=\"noreferrer noopener\"><u>Percentatge d&#039;habitatge de lloguer a EU<\/u><\/a><\/p>\n\n\n\n<figure class=\"wp-block-image\"><img decoding=\"async\" src=\"https:\/\/www.monapart.com\/sites\/default\/files\/styles\/scale_960xn_\/public\/mediabrowser\/brecha_propietarios_inquilinos_2_0.png?itok=ankCtUVI\" alt=\"Per qu\u00e8 s&#039;expandeix la bretxa entre propietaris i llogaters a Espanya? | Monapart \" title=\"bretxa-entre-propietaris-e-inquilins-en-espanya\"\/><\/figure>\n\n\n\n<p>A qu\u00e8 devem aquesta difer\u00e8ncia? A una pol\u00edtica de vivenda que l&#039;estat espanyol va implementar durant d\u00e8cades: la <a href=\"https:\/\/www.habitatge.barcelona\/es\/acceso-a-vivienda\/el-registro-de-solicitantes\" target=\"_blank\" rel=\"noreferrer noopener\">habitatge de protecci\u00f3 oficial<\/a>.&nbsp;<\/p>\n\n\n\n<p>A difer\u00e8ncia del <em><a href=\"https:\/\/es.wikipedia.org\/wiki\/Vivienda_p%C3%BAblica\" target=\"_blank\" rel=\"noreferrer noopener\">social housing<\/a><\/em>, que afavoreix l&#039;acc\u00e9s a habitatges p\u00fablics sota un r\u00e8gim de lloguer, Espanya fomenta l&#039;acc\u00e9s a l&#039;habitatge a trav\u00e9s de la propietat privada.&nbsp;<\/p>\n\n\n\n<p>&nbsp; &nbsp; &nbsp; &nbsp; &nbsp; &nbsp; &nbsp; &nbsp; &nbsp; &nbsp; &nbsp; &nbsp; &nbsp; &nbsp; &nbsp; &nbsp; &nbsp; &nbsp; &nbsp; &nbsp; &nbsp; &nbsp; &nbsp; &nbsp; &nbsp; &nbsp; &nbsp; &nbsp;Mapa d\u00b4habitatge p\u00fablic a Barcelona<\/p>\n\n\n\n<figure class=\"wp-block-image\"><img decoding=\"async\" src=\"https:\/\/www.monapart.com\/sites\/default\/files\/styles\/scale_960xn_\/public\/mediabrowser\/brecha_propietarios_inquilinos_3.png?itok=wd9HU-I1\" alt=\"Per qu\u00e8 s&#039;expandeix la bretxa entre propietaris i llogaters a Espanya? | Monapart \" title=\"bretxa-entre-propietaris-e-inquilins-en-espanya\"\/><\/figure>\n\n\n\n<p>Al llarg de la hist\u00f2ria, es va impulsar la producci\u00f3 d&#039;habitatges i es va utilitzar l&#039;adquisici\u00f3 en propietat com a f\u00f3rmula d&#039;acc\u00e9s.<\/p>\n\n\n\n<h5 class=\"wp-block-heading has-medium-font-size\"><strong>Un canvi de model<\/strong><\/h5>\n\n\n\n<p>L&#039;any 2013, (per necessitat) Espanya gira en rod\u00f3 per canviar-ne el model i apostar pel lloguer. N&#039;\u00e9s una prova els tres punts seg\u00fcents:<\/p>\n\n\n\n<p><strong>1.<\/strong>&nbsp;<a href=\"https:\/\/www.google.com\/url?q=https:\/\/www.mitma.gob.es\/arquitectura-vivienda-y-suelo\/programas-de-ayudas-a-la-vivienda\/plan-estatal-de-fomento-del-alquiler-de-viviendas-la-rehabilitacion-edificatoria-y-la-regeneracion-y-renovacion-urbanas-2013-2016&amp;sa=D&amp;source=docs&amp;ust=1649671919252140&amp;usg=AOvVaw1e0vEiJM92BvUGGIdvcB6R\" target=\"_blank\" rel=\"noreferrer noopener\">El Pla Estatal 2013-2016<\/a>. El seu objectiu espec\u00edfic \u00e9s adre\u00e7ar la pol\u00edtica d&#039;habitatge de l&#039;Estat cap al <em>&quot;foment del lloguer d&#039;habitatges, la rehabilitaci\u00f3 edificat\u00f2ria i la regeneraci\u00f3 i renovaci\u00f3 urbanes&quot;<\/em>&nbsp;en lloc de la construcci\u00f3 per adquirir en propietat.<\/p>\n\n\n\n<p><strong>2.<\/strong> La nova llei 4\/2013, regulat\u00f2ria del mercat del lloguer. Elimina la intervenci\u00f3 estatal en aquest tipus de contracte i afavoreix la llibertat de les parts en contractar.<\/p>\n\n\n\n<p>En aquest sentit, \u00e9s molt interessant (per entendre el perqu\u00e8 del canvi) rellegir certs punts del seu Pre\u00e0mbul:<\/p>\n\n\n\n<p><em>El mercat immobiliari espanyol es caracteritza per una alta taxa de propietat i un feble mercat del lloguer (\u2026)<\/em><\/p>\n\n\n\n<p><em>Al moment del dictat de la llei, Espanya se situa com el pa\u00eds europeu amb m\u00e9s \u00edndex d&#039;habitatge per cada 1.000 habitants i tamb\u00e9 com un dels que posseeix un parc d&#039;habitatges m\u00e9s baix de lloguer.<\/em><\/p>\n\n\n\n<p>Al <em>marc econ\u00f2mic actual<\/em>, <strong>les implicacions negatives que t\u00e9 aquesta caracter\u00edstica del mercat de l&#039;habitatge sobre l&#039;economia i la societat espanyoles s\u00f3n patents i afecten tant la mobilitat dels treballadors com l&#039;exist\u00e8ncia d&#039;un nombre elevat d&#039;habitatges en propietat, buits i sense cap \u00fas.<\/strong><\/p>\n\n\n\n<p><em>La realitat, per tant, \u00e9s que el mercat de lloguer no \u00e9s una alternativa efica\u00e7 al mercat de la propietat a Espanya, ja que, o b\u00e9 l&#039;oferta d&#039;habitatges de lloguer \u00e9s insuficient, o b\u00e9 no \u00e9s competitiva perqu\u00e8 est\u00e0 subjecta a rendes molt elevades (\u2026)<br>Per aix\u00f2 la recerca de mecanismes de flexibilitzaci\u00f3 i dinamitzaci\u00f3 d&#039;aquest mercat s&#039;ha de moure en un marc que aconsegueixi atraure el nombre m\u00e9s gran possible dels habitatges, actualment buits i sense cap \u00fas, en mans de propietaris privats.<\/em><\/p>\n\n\n\n<p><strong>3.<\/strong> La supressi\u00f3 dels beneficis fiscals a la compra dhabitatges. Aquesta deducci\u00f3 permetia als contribuents deduir-se de l\u201fIRPF el 15% de les despeses de compra, construcci\u00f3, ampliaci\u00f3 o rehabilitaci\u00f3 de l\u201fimmoble fins a un m\u00e0xim de 9.040 euros.<\/p>\n\n\n\n<p>El 1959, el primer ministre de l&#039;Habitatge, Jos\u00e9 Luis de Arrese, va afirmar: <a href=\"https:\/\/digital.march.es\/fedora\/objects\/linz:R-73814\/datastreams\/OBJ\/content\" target=\"_blank\" rel=\"noreferrer noopener\"><em>\u201cno volem una Espanya de proletaris, sin\u00f3 de propietaris.\u00bb<\/em><\/a><\/p>\n\n\n\n<figure class=\"wp-block-image\"><img decoding=\"async\" src=\"https:\/\/www.monapart.com\/sites\/default\/files\/styles\/scale_960xn_\/public\/mediabrowser\/brecha_propietarios_inquilinos_4.png?itok=XavA3mFM\" alt=\"Per qu\u00e8 s&#039;expandeix la bretxa entre propietaris i llogaters a Espanya? | Monapart \" title=\"bretxa-entre-propietaris-e-inquilins-en-espanya\"\/><\/figure>\n\n\n\n<p><em>Avui es passen a centrar els esfor\u00e7os de la pol\u00edtica d\u201fhabitatge de l\u201fEstat en l\u201fimpuls del lloguer i la rehabilitaci\u00f3.&nbsp;<\/em><\/p>\n\n\n\n<p><em>A Espanya hi ha 157.000 llars menys de lloguer que fa un any i 170.000 m\u00e9s amb una casa pr\u00f2pia amb pagaments pendents. <a href=\"https:\/\/www.eldiario.es\/economia\/casa-espana-brecha-propietarios-e-inquilinos-comunidades_1_7392530.html\" target=\"_blank\" rel=\"noreferrer noopener\">S\u00f3n 14 milions i mig d?immobles en propietat contra 3,2 milions que viuen de lloguer.<\/a> A qu\u00e8 es deu aquest fenomen?<\/em><\/p>\n\n\n\n<h5 class=\"wp-block-heading has-medium-font-size\">&nbsp;<a id=\"propietarios\"><\/a>&quot;Espanya \u00e9s un pa\u00eds de propietaris conven\u00e7uts i d&#039;inquilins obligats.&quot;<\/h5>\n\n\n\n<p>Sandra L\u00f3pez Let\u00f3n ho exposa amb claredat. A l&#039;article <a href=\"https:\/\/elpais.com\/economia\/negocios\/2021-11-13\/espana-un-pais-de-propietarios-reincidentes.html\" target=\"_blank\" rel=\"noreferrer noopener\">\u00abEspanya, un pa\u00eds de propietaris reincidents\u00bb<\/a> per a El Pa\u00eds, desgrana l&#039;ideal espanyol i la seva relaci\u00f3 amb la propietat immobili\u00e0ria, i ens regala les dades seg\u00fcents per a l&#039;an\u00e0lisi:<\/p>\n\n\n\n<p>\u2192 <em>L&#039;adquisici\u00f3 de cases ha deixat enrere els efectes de la covid i arriba a nivells de fa 13 anys.<\/em><\/p>\n\n\n\n<p>\u2192 <em>A l&#039;agost es van tancar 49.884 transaccions, <a href=\"https:\/\/elpais.com\/economia\/2021-10-08\/la-compraventa-de-viviendas-alcanza-su-mayor-nivel-desde-los-tiempos-de-la-burbuja-inmobiliaria.html\" target=\"_blank\" rel=\"noreferrer noopener\">una xifra no vista des de l&#039;abril del 2008<\/a>.<\/em><\/p>\n\n\n\n<p>\u2192 <em>&quot;La compravenda \u00e9s la que est\u00e0 impulsant la recuperaci\u00f3 del mercat de l&#039;habitatge&quot;.<\/em><\/p>\n\n\n\n<p>\u2192 <em>L&#039;habitatge s&#039;ha convertit en un actiu refugi davant de la <a href=\"https:\/\/elpais.com\/economia\/2021-10-28\/la-inflacion-se-dispara-al-55-su-cota-mas-alta-en-29-anos-por-el-encarecimiento-de-la-luz-y-los-combustibles.html\" target=\"_blank\" rel=\"noreferrer noopener\">inflaci\u00f3 (va pujar un 5,5% a l&#039;octubre)<\/a>.<\/em><\/p>\n\n\n\n<p>\u2192 <em>La finalitat d&#039;aquestes compres \u00e9s tant la reposici\u00f3 \u2014canviar un habitatge millor\u2014 com la inversi\u00f3. Perqu\u00e8, diu Higueras, \u201cacumular patrimoni \u00e9s esport nacional, ho hem mamat, \u00e9s al nostre ADN\u201d. Gaireb\u00e9 el 90% dels m\u00e9s grans de 65 anys s\u00f3n propietaris d&#039;un habitatge a Espanya.<\/em><\/p>\n\n\n\n<p>Semblaria que l&#039;impuls comprador, avui dia, \u00e9s una barreja d&#039;idiosincr\u00e0sia, fer negoci amb l&#039;estalvi i la inversi\u00f3 i no tant una necessitat d&#039;acc\u00e9s a l&#039;habitatge. Per refor\u00e7ar aquest argument, l&#039;autora cita Cristina Arias, directora del Servei d&#039;Estudis de Tinsa que explica amb tres dades puntuals l&#039;augment de les compres:<\/p>\n\n\n\n<blockquote class=\"wp-block-quote alignright is-layout-flow wp-block-quote-is-layout-flow\">\n<p>&quot;La confian\u00e7a del consumidor, seguit d\u00b4unes perspectives de mercat immobiliari en revaloraci\u00f3 despr\u00e9s d\u00b4uns mesos en qu\u00e8 s\u00b4ha incrementat l\u00b4estalvi de les llars i, amb menys pes, l\u00b4incentiu d\u00b4uns tipus d\u00b4inter\u00e8s baixos&quot;<\/p>\n<\/blockquote>\n\n\n\n<h5 class=\"wp-block-heading has-medium-font-size\"><a id=\"problema del alquiler\"><\/a>Quin \u00e9s el problema m\u00e9s gran del lloguer a Espanya?<\/h5>\n\n\n\n<p>S\u00f3n b\u00e0sicament dos:&nbsp;<a href=\"https:\/\/elpais.com\/economia\/2021-04-28\/espana-necesita-mas-de-un-millon-de-viviendas-de-alquiler-a-precio-asequible-segun-un-estudio.html\" target=\"_blank\" rel=\"noreferrer noopener\">Hi ha pocs habitatges destinats al lloguer i el preu \u00e9s molt alt.<\/a> Si b\u00e9 no afecta tot el territori, s\u00ed que influeix a les poblacions m\u00e9s puixants.<\/p>\n\n\n\n<figure class=\"wp-block-image\"><img decoding=\"async\" src=\"https:\/\/www.monapart.com\/sites\/default\/files\/styles\/scale_960xn_\/public\/mediabrowser\/brecha_propietarios_inquilinos_5.png?itok=bgFP-MI2\" alt=\"Per qu\u00e8 s&#039;expandeix la bretxa entre propietaris i llogaters a Espanya? | Monapart \" title=\"bretxa-entre-propietaris-e-inquilins-en-espanya\"\/><\/figure>\n\n\n\n<p>Aix\u00f2 impacta de ple en les finances dels m\u00e9s vulnerables, en la taxa d&#039;emancipaci\u00f3 dels joves, en la taxa de fertilitat i fins i tot en les innovadores que s\u00f3n les ciutats.<\/p>\n\n\n\n<p>En aquest context, a principis del mes de febrer passat es va aprovar la <a href=\"https:\/\/www.lamoncloa.gob.es\/consejodeministros\/resumenes\/Paginas\/2022\/010222-rp_cministros.aspx#:~:text=La%20norma%20refuerza%20el%20quinto,y%20combate%20la%20especulaci%C3%B3n%20inmobiliaria.\" target=\"_blank\" rel=\"noreferrer noopener\">Llei estatal pel dret a l&#039;habitatge <\/a>on el govern regula el mercat a trav\u00e9s de:&nbsp;<\/p>\n\n\n\n<ol class=\"wp-block-list\">\n<li>Lloguers p\u00fablics a les noves promocions d&#039;habitatges<\/li>\n\n\n\n<li>Avantatges fiscals per a petits propietaris per baixar el preu de lloguer<\/li>\n\n\n\n<li>M\u00e9s impostos per als habitatges buits<\/li>\n\n\n\n<li>Limitaci\u00f3 del lloguer a habitatges de grans propietaris<\/li>\n\n\n\n<li>Regulaci\u00f3 dels desnonaments<\/li>\n\n\n\n<li>Definici\u00f3 de zona de mercat tensionat<\/li>\n\n\n\n<li>Creaci\u00f3 de l&#039;habitatge assequible incentivat<\/li>\n\n\n\n<li>Creaci\u00f3 d&#039;un fons social d&#039;habitatge<\/li>\n\n\n\n<li>Impossibilitat de canviar la qualificaci\u00f3 d&#039;habitatge p\u00fablic<\/li>\n<\/ol>\n\n\n\n<p>M\u00e9s enll\u00e0 de les postures a favor i en contra de la nova llei, seguim treballant per fer feli\u00e7os la nostra comunitat de Monaparters. Si busques <a href=\"https:\/\/www.monapart.com\/es\/servicios\/vender\" target=\"_blank\" rel=\"noreferrer noopener\">vendre<\/a> o <a href=\"https:\/\/www.monapart.com\/es\/servicios\/alquilar\" target=\"_blank\" rel=\"noreferrer noopener\">llogar<\/a> una propietat, qualsevol sigui la teva motivaci\u00f3, posa&#039;t en contacte amb nosaltres. Com veus, sabem de qu\u00e8 parlem, i volem ajudar-te!<\/p>","protected":false},"excerpt":{"rendered":"<p>Analitzem la hist\u00f2ria i l&#039;actualitat del mercat per entendre a qu\u00e8 es deu l&#039;augment de propietaris al nostre pa\u00eds i l&#039;impacte al sector del lloguer.<\/p>","protected":false},"author":3,"featured_media":1149,"comment_status":"closed","ping_status":"closed","sticky":false,"template":"","format":"standard","meta":{"_acf_changed":false,"footnotes":""},"categories":[3268],"tags":[3225],"class_list":["post-1148","post","type-post","status-publish","format-standard","has-post-thumbnail","hentry","category-consejo-inmobiliario","tag-alquiler"],"acf":[],"_links":{"self":[{"href":"https:\/\/www.monapart.com\/magazine\/ca\/wp-json\/wp\/v2\/posts\/1148","targetHints":{"allow":["GET"]}}],"collection":[{"href":"https:\/\/www.monapart.com\/magazine\/ca\/wp-json\/wp\/v2\/posts"}],"about":[{"href":"https:\/\/www.monapart.com\/magazine\/ca\/wp-json\/wp\/v2\/types\/post"}],"author":[{"embeddable":true,"href":"https:\/\/www.monapart.com\/magazine\/ca\/wp-json\/wp\/v2\/users\/3"}],"replies":[{"embeddable":true,"href":"https:\/\/www.monapart.com\/magazine\/ca\/wp-json\/wp\/v2\/comments?post=1148"}],"version-history":[{"count":1,"href":"https:\/\/www.monapart.com\/magazine\/ca\/wp-json\/wp\/v2\/posts\/1148\/revisions"}],"predecessor-version":[{"id":15822,"href":"https:\/\/www.monapart.com\/magazine\/ca\/wp-json\/wp\/v2\/posts\/1148\/revisions\/15822"}],"wp:featuredmedia":[{"embeddable":true,"href":"https:\/\/www.monapart.com\/magazine\/ca\/wp-json\/wp\/v2\/media\/1149"}],"wp:attachment":[{"href":"https:\/\/www.monapart.com\/magazine\/ca\/wp-json\/wp\/v2\/media?parent=1148"}],"wp:term":[{"taxonomy":"category","embeddable":true,"href":"https:\/\/www.monapart.com\/magazine\/ca\/wp-json\/wp\/v2\/categories?post=1148"},{"taxonomy":"post_tag","embeddable":true,"href":"https:\/\/www.monapart.com\/magazine\/ca\/wp-json\/wp\/v2\/tags?post=1148"}],"curies":[{"name":"wp","href":"https:\/\/api.w.org\/{rel}","templated":true}]}}