{"id":1146,"date":"2022-04-08T13:26:17","date_gmt":"2022-04-08T11:26:17","guid":{"rendered":"https:\/\/www.monapart.com\/magazine\/?p=1146"},"modified":"2025-09-30T17:25:42","modified_gmt":"2025-09-30T15:25:42","slug":"un-canvi-excel%c2%b7lent-labans-i-despres-duna-reforma-integral","status":"publish","type":"post","link":"https:\/\/www.monapart.com\/magazine\/ca\/hogar\/un-cambio-sobresaliente-el-antes-y-el-despues-de-una-reforma-integral","title":{"rendered":"Un canvi excel\u00b7lent: abans i despr\u00e9s d&#039;una reforma integral"},"content":{"rendered":"<h1 class=\"wp-block-heading\">Un canvi excel\u00b7lent: abans i despr\u00e9s d&#039;una reforma integral<\/h1>\n\n\n\n<h2 class=\"wp-block-heading\">La transformaci\u00f3 sorprenent d&#039;un pis a Barcelona.<\/h2>\n\n\n<div class='post-info'>8 d&#039;abril del 2022 per <a href='https:\/\/www.monapart.com\/magazine\/ca\/autor\/monapart'>Monapart<\/a><\/div>\n\n\n\n<p><\/p>\n\n\n\n<p>Cal tenir un ull especial per identificar un diamant en brut, i tamb\u00e9 els coneixements i les eines per transformar-lo en una joia. Aix\u00f2 \u00e9s el que va passar amb un discret pis en una de les zones m\u00e9s interessants de Barcelona, i que avui dia brilla en tota la seva esplendor gr\u00e0cies a la feina de l&#039;arquitecte <a href=\"https:\/\/www.instagram.com\/aphistudio\/?hl=es\" target=\"_blank\" rel=\"noreferrer noopener\">Arnaud Philippe<\/a>. Descobreix abans i despr\u00e9s d&#039;aquesta sorprenent reforma.<\/p>\n\n\n\n<figure class=\"wp-block-image\"><img decoding=\"async\" src=\"https:\/\/www.monapart.com\/sites\/default\/files\/styles\/scale_960xn_\/public\/mediabrowser\/salita_0.png?itok=7jQanqp_\" alt=\"Reforma abans i despr\u00e9s pis C\u00f2rsega | Monapart\" title=\"Reforma abans i despr\u00e9s sala d&#039;estar\"\/><\/figure>\n\n\n\n<p>No hi ha res com un ull ben entrenat per identificar un espai \u00fanic. L&#039;ull d&#039;un arquitecte \u00e9s capa\u00e7 de travessar envans i sostres falsos; d&#039;ignorar elements com el mobiliari antic per visualitzar nous mobles a l&#039;espai; de visitar l&#039;habitatge en un dia pluj\u00f3s i entendre com entrar\u00e0 la llum a cada rac\u00f3 despr\u00e9s de la reforma.<\/p>\n\n\n\n<p>A pocs metres del cotitzat Passeig de Sant Joan, a l&#039;Eixample de Barcelona, <a href=\"https:\/\/www.aphiboa.com\/\" target=\"_blank\" rel=\"noreferrer noopener\">Arnaud Philippe<\/a> va trobar l&#039;espai ideal per transformar-lo a casa seva. Un vestit fet a mida adaptat a les comoditats avui dia, amb un toc molt personal que el fa \u00fanic.<\/p>\n\n\n\n<figure class=\"wp-block-image\"><img decoding=\"async\" src=\"https:\/\/www.monapart.com\/sites\/default\/files\/styles\/scale_960xn_\/public\/mediabrowser\/salon_antes_y_despues.png?itok=nyKulBZp\" alt=\"Reforma pis C\u00f2rsega | Monapart\" title=\"Reforma sal\u00f3 abans i despr\u00e9s\"\/><\/figure>\n\n\n\n<p>No hi ha dubte que es tracta d&#039;una gran reforma, per\u00f2 alhora t\u00e9 ressons del que va ser antigament: la cuina \u00e9s a la zona on hi havia la cuina; el bany, on hi havia el bany; i les habitacions s&#039;ubiquen on eren abans. Per\u00f2, alhora, les \u00faniques parets que no s&#039;han tocat s\u00f3n els murs de c\u00e0rrega. Totes les estances s\u00f3n on eren, per\u00f2 han canviat lleugerament les seves dimensions.<\/p>\n\n\n\n<figure class=\"wp-block-image\"><img decoding=\"async\" src=\"https:\/\/www.monapart.com\/sites\/default\/files\/styles\/scale_960xn_\/public\/mediabrowser\/habitacion_matrimonio.png?itok=v9ejVLu7\" alt=\"Reforma pis C\u00f2rsega | Monapart\" title=\"Reforma habitaci\u00f3 de matrimoni abans i despr\u00e9s\"\/><\/figure>\n\n\n\n<p>A m\u00e9s de ser una cosa molt subjectiva, el bon gust tamb\u00e9 respon a les tend\u00e8ncies de la seva \u00e8poca. El que funcionava fa 50 o 100 anys no ha de resultar atractiu en l&#039;actualitat. O s\u00ed, perqu\u00e8 sempre hi ha elements que es poden rescatar i reinterpretar. Com les boniques rajoles de la galeria \u2013ara transformada en un estudi llumin\u00f3s\u2013, l&#039;estada preferida d&#039;Arnaud.<\/p>\n\n\n\n<figure class=\"wp-block-image\"><img decoding=\"async\" src=\"https:\/\/www.monapart.com\/sites\/default\/files\/styles\/scale_960xn_\/public\/mediabrowser\/pasillo.png?itok=Usksc-VG\" alt=\"Reforma pis C\u00f2rsega | Monapart\" title=\"Reforma galeria abans i despr\u00e9s\"\/><\/figure>\n\n\n\n<p>Totes les estades han patit (o gaudit) una transformaci\u00f3 radical. Per\u00f2 el premi al gran canvi se l&#039;emporta el passad\u00eds que abans unia el sal\u00f3 i el menjador, creuant l&#039;habitatge d&#039;un extrem a l&#039;altre i amb portes a la cuina i un bany. Ara el passad\u00eds s&#039;ha transformat en una \u00e0mplia cuina que deixa travessar la llum unint les tres estances, i en qu\u00e8 destaquen tres grans blocs de colors que amaguen electrodom\u00e8stics, emmagatzematge i un lavabo.<\/p>\n\n\n\n<figure class=\"wp-block-image\"><img decoding=\"async\" src=\"https:\/\/www.monapart.com\/sites\/default\/files\/styles\/scale_960xn_\/public\/mediabrowser\/cocina_pasillo_antes_y_despues_0.png?itok=i_HNnEZJ\" alt=\"Reforma pis C\u00f2rsega | Monapart\" title=\"Reforma cuina abans i despr\u00e9s\"\/><\/figure>\n\n\n\n<p>Parlant de colors, aqu\u00ed podem veure com s&#039;ha jugat encertadament amb elements verds, blaus i vermells, contrastant amb el blanc llis que accentua la llum natural per\u00f2 sense robar-li el protagonisme. Una opci\u00f3 singular de distribuir espais d&#039;emmagatzematge de manera discreta i cridanera alhora. De nou, all\u00f2 pr\u00e0ctic i all\u00f2 est\u00e8tic van de la m\u00e0 per a alegria dels seus habitants, visitants, i curiosos com nosaltres.<\/p>\n\n\n\n<figure class=\"wp-block-image\"><img decoding=\"async\" src=\"https:\/\/www.monapart.com\/sites\/default\/files\/styles\/scale_960xn_\/public\/mediabrowser\/bloques_colores.png?itok=h6KDTMdJ\" alt=\"Reforma pis C\u00f2rsega | Monapart\" title=\"reforma amb blocs de colors abans i despr\u00e9s\"\/><\/figure>\n\n\n\n<p>Si b\u00e9 l&#039;habitatge antic estava ple de vestigis d&#039;un passat que se&#039;n va anar per no tornar (vegeu el paper pintat, els armaris de contraxapat imitaci\u00f3 fusta o el fals sostre de pladur), la reforma actual ha tingut molt present fins al m\u00e9s m\u00ednim detall: radiadors moderns d&#039;aire cl\u00e0ssic, parquet natural en diagonal per guanyar amplitud visual, discreci\u00f3 i<\/p>\n\n\n\n<p>No cada dia tenim la sort de veure una reforma tan radical i tan de prop. Sembla que va ser ahir quan a Monapart vam anunciar aquest pis amb l&#039;esperan\u00e7a que alg\u00fa sab\u00e9s veure tot el potencial i transformar-lo en l&#039;espai que es mereix. <\/p>\n\n\n\n<p>Al cap ia la fi, per vendre un espai especial tamb\u00e9 cal una immobili\u00e0ria amb un ull especial, no?<\/p>\n\n\n\n<p><\/p>","protected":false},"excerpt":{"rendered":"<p>La transformaci\u00f3 sorprenent d&#039;un pis a Barcelona.<\/p>","protected":false},"author":3,"featured_media":1147,"comment_status":"closed","ping_status":"closed","sticky":false,"template":"","format":"standard","meta":{"_acf_changed":false,"footnotes":""},"categories":[2844,2846],"tags":[2872,2927],"class_list":["post-1146","post","type-post","status-publish","format-standard","has-post-thumbnail","hentry","category-hogar","category-espacios-y-vida","tag-barcelona","tag-reformas"],"acf":[],"_links":{"self":[{"href":"https:\/\/www.monapart.com\/magazine\/ca\/wp-json\/wp\/v2\/posts\/1146","targetHints":{"allow":["GET"]}}],"collection":[{"href":"https:\/\/www.monapart.com\/magazine\/ca\/wp-json\/wp\/v2\/posts"}],"about":[{"href":"https:\/\/www.monapart.com\/magazine\/ca\/wp-json\/wp\/v2\/types\/post"}],"author":[{"embeddable":true,"href":"https:\/\/www.monapart.com\/magazine\/ca\/wp-json\/wp\/v2\/users\/3"}],"replies":[{"embeddable":true,"href":"https:\/\/www.monapart.com\/magazine\/ca\/wp-json\/wp\/v2\/comments?post=1146"}],"version-history":[{"count":2,"href":"https:\/\/www.monapart.com\/magazine\/ca\/wp-json\/wp\/v2\/posts\/1146\/revisions"}],"predecessor-version":[{"id":19452,"href":"https:\/\/www.monapart.com\/magazine\/ca\/wp-json\/wp\/v2\/posts\/1146\/revisions\/19452"}],"wp:featuredmedia":[{"embeddable":true,"href":"https:\/\/www.monapart.com\/magazine\/ca\/wp-json\/wp\/v2\/media\/1147"}],"wp:attachment":[{"href":"https:\/\/www.monapart.com\/magazine\/ca\/wp-json\/wp\/v2\/media?parent=1146"}],"wp:term":[{"taxonomy":"category","embeddable":true,"href":"https:\/\/www.monapart.com\/magazine\/ca\/wp-json\/wp\/v2\/categories?post=1146"},{"taxonomy":"post_tag","embeddable":true,"href":"https:\/\/www.monapart.com\/magazine\/ca\/wp-json\/wp\/v2\/tags?post=1146"}],"curies":[{"name":"wp","href":"https:\/\/api.w.org\/{rel}","templated":true}]}}