{"id":1134,"date":"2022-03-22T09:53:11","date_gmt":"2022-03-22T08:53:11","guid":{"rendered":"https:\/\/www.monapart.com\/magazine\/?p=1134"},"modified":"2025-06-23T13:50:49","modified_gmt":"2025-06-23T11:50:49","slug":"millor-moment-de-lanus-per-vendre-un-habitatge","status":"publish","type":"post","link":"https:\/\/www.monapart.com\/magazine\/ca\/consejo-inmobiliario\/mejor-momento-del-ano-para-vender-una-vivienda","title":{"rendered":"Millor moment de l&#039;any per vendre un habitatge"},"content":{"rendered":"<h1 class=\"wp-block-heading\">Millor moment de l&#039;any per vendre un habitatge<\/h1>\n\n\n\n<h2 class=\"wp-block-heading\">T&#039;ajudem amb les claus fonamentals a qu\u00e8 has de prestar atenci\u00f3 per no equivocar-te.<\/h2>\n\n\n<div class='post-info'>22 de mar\u00e7 de 2022 per <a href='https:\/\/www.monapart.com\/magazine\/ca\/autor\/monapart'>Monapart<\/a><\/div>\n\n\n\n<p>Hi ha un millor moment per vendre? De qu\u00e8 dep\u00e8n? <\/p>\n\n\n\n<p>A Monapart coneixem de variables i tend\u00e8ncies, per aix\u00f2, si el que busques \u00e9s <a href=\"https:\/\/www.monapart.com\/es\/servicios\/vender\" target=\"_blank\" rel=\"noreferrer noopener\">vendre el teu pis<\/a> amb el timing adequat, t&#039;ajudem amb les claus fonamentals a qu\u00e8 has de prestar atenci\u00f3 per no equivocar-te.<\/p>\n\n\n\n<figure class=\"wp-block-image\"><img decoding=\"async\" src=\"https:\/\/www.monapart.com\/sites\/default\/files\/styles\/scale_960xn_\/public\/mediabrowser\/relojes_0.png?itok=3G3GSBKO\" alt=\"El millor moment de l&#039;any per vendre un habitatge | Monapart \" title=\"rellotges horari pa\u00efsos\"\/><\/figure>\n\n\n\n<h5 class=\"wp-block-heading has-medium-font-size\"><a id=\"cu\u00e1l\"><\/a>Quin \u00e9s el millor moment de l\u00b4any per vendre el teu pis?<\/h5>\n\n\n\n<p>La creen\u00e7a popular afirma que el millor moment \u00e9s la temporada primavera-estiu. M\u00e9s avall t&#039;explicarem per qu\u00e8 es pensa aix\u00ed. De moment, ens toca al\u00e7ar la veu per afirmar que aix\u00f2 <em>no sempre \u00e9s veritat<\/em>. El mercat immobiliari, lluny est\u00e0 de ser predictible i controlable. Segons la nostra experi\u00e8ncia, cada sector dins del mercat \u00e9s \u00fanic i t\u00e9 les pr\u00f2pies variables. Anem amb uns exemples:<\/p>\n\n\n\n<p><strong>Exemple 1<\/strong>: Qui ven a la tardor t\u00e9 menys compet\u00e8ncia, ja que sol haver-hi menys oferta.&nbsp;<\/p>\n\n\n\n<p><strong>Exemple 2<\/strong>: A l&#039;hivern, els compradors tenen millors oportunitats per obtenir pr\u00e9stecs hipotecaris. Passa que el setembre i l&#039;octubre, coincideixen amb l&#039;\u00faltim trimestre de l&#039;any i \u00e9s quan els bancs comencen a sentir la pressi\u00f3 per complir els objectius anuals. Aix\u00f2 els obliga a oferir millors condicions de finan\u00e7ament\u2026<\/p>\n\n\n\n<p><strong>Exemple 3<\/strong>: A la tardor i l&#039;hivern, els preus de les reparacions i les reformes tendeixen a ser m\u00e9s baixos. Aix\u00f2 anima els compradors a tancar operacions en aquesta \u00e8poca de l&#039;any.&nbsp;<\/p>\n\n\n\n<p>Ja ho veus, no tot \u00e9s tan lineal i est\u00e0tic. \u00c9s complicat poder trobar el millor moment de l&#039;any per vendre un habitatge!<\/p>\n\n\n\n<figure class=\"wp-block-image\"><img decoding=\"async\" src=\"https:\/\/www.monapart.com\/sites\/default\/files\/styles\/scale_960xn_\/public\/mediabrowser\/estaciones_0.png?itok=tQJn5BjU\" alt=\"El millor moment de l&#039;any per vendre un habitatge | Monapart \" title=\"quatre cases amb les quatre estacions de l\u00b4any\"\/><\/figure>\n\n\n\n<h5 class=\"wp-block-heading has-medium-font-size\"><a id=\"claves\"><\/a>Les claus per saber quan \u00e9s bon moment per vendre un habitatge:&nbsp;<\/h5>\n\n\n\n<p>Per poder definir el millor moment de l&#039;any per vendre un habitatge, hem de tirar endavant una an\u00e0lisi de certs factors. No nom\u00e9s els canvis al term\u00f2stat s\u00f3n les que defineixen la temporada ideal per vendre el teu pis o propietat.&nbsp;<\/p>\n\n\n\n<p>\u00c9s molt important, com a m\u00ednim, prestar atenci\u00f3 a les variacions hist\u00f2riques de preu de l&#039;habitatge i al nombre d&#039;operacions mensuals registrades en anys anteriors. Aquestes dades no ho s\u00f3n tot, per\u00f2 s\u00ed que ens ofereixen la informaci\u00f3 b\u00e0sica per tenir una visi\u00f3, m\u00e9s o menys clara, del marc temporal en qu\u00e8 m\u00e9s conv\u00e9 vendre.&nbsp;<\/p>\n\n\n\n<p>L&#039;evoluci\u00f3 dels preus de compra del darrer any<\/p>\n\n\n\n<p>Segons un estudi de la <a href=\"https:\/\/cincodias.elpais.com\/cincodias\/2021\/08\/13\/midinero\/1628870654_778594.html\" target=\"_blank\" rel=\"noreferrer noopener\">consultora Tinsa<\/a> publicat al diari El Pa\u00eds:<\/p>\n\n\n\n<p>S&#039;observa que els mesos de maig a agost del 2021 es produeix un augment general en els preus impulsada per la demanda. Tamb\u00e9 podem veure l&#039;exist\u00e8ncia de \u201ccomportaments divergents entre diferents segments, obra nova davant d&#039;usada i segona resid\u00e8ncia davant de primera resid\u00e8ncia\u201d en aquest augment de preus. A m\u00e9s, hem de ser conscients de l&#039;impacte del confinament, com va influir moltes fam\u00edlies no nom\u00e9s a avan\u00e7ar la decisi\u00f3 de compra, sin\u00f3 a optar per un habitatge <a href=\"https:\/\/www.monapart.com\/es\/magazine\/sector-inmobiliario\/ventajas-vivir-casa-jardin\" target=\"_blank\" rel=\"noreferrer noopener\">m\u00e9s oberta, \u00e0mplia, amb zones comunes, terrassa i\/o jard\u00ed<\/a>.<\/p>\n\n\n\n<figure class=\"wp-block-image\"><img decoding=\"async\" src=\"https:\/\/www.monapart.com\/sites\/default\/files\/styles\/scale_960xn_\/public\/mediabrowser\/precios_de_compra_de_vivienda_en_el_ultimo_ano_0.png?itok=z3H3xgi7\" alt=\"El millor moment de l&#039;any per vendre un habitatge | Monapart \" title=\"estad\u00edstiques dels preus de compra de l&#039;habitatge a l&#039;\u00faltim any\"\/><\/figure>\n\n\n\n<p>L&#039;estudi de la variaci\u00f3 en el nombre d&#039;operacions<\/p>\n\n\n\n<p>Ara \u00e9s el <a href=\"https:\/\/www.abc.es\/economia\/abci-vivienda-logra-recuperacion-pero-deja-fuera-jovenes-y-rentas-bajas-202104250203_noticia.html\" target=\"_blank\" rel=\"noreferrer noopener\">Institut Nacional d&#039;Estad\u00edstica<\/a>&nbsp;el que ens ajuda a visualitzar el comportament dels compradors. Es pot veure amb claredat el repunt del nombre d&#039;operacions a partir del maig i fins al setembre. Aquesta pujada es deu, tamb\u00e9, en gran mesura a l&#039;efecte post-Covid i la revaloraci\u00f3 que hi va haver de les llars a les <a href=\"https:\/\/www.monapart.com\/es\/magazine\/sector-inmobiliario\/irse-a-vivir-fuera-de-barcelona\" target=\"_blank\" rel=\"noreferrer noopener\">afores de les grans ciutats<\/a>.&nbsp;<\/p>\n\n\n\n<figure class=\"wp-block-image\"><img decoding=\"async\" src=\"https:\/\/www.monapart.com\/sites\/default\/files\/styles\/scale_960xn_\/public\/mediabrowser\/evolucion_en_la_compraventa_de_viviendas_1.png?itok=IL-Iw5Ur\" alt=\"El millor moment de l&#039;any per vendre un habitatge | Monapart \" title=\"estad\u00edstica evoluci\u00f3 en la compravenda dels habitatges\"\/><\/figure>\n\n\n\n<p>Finalment, a <a href=\"https:\/\/www.epdata.es\/datos\/compra-venta-vivienda-mercado-inmobiliario-datos-hoy\/29\/espana\/106?accion=1\" target=\"_blank\" rel=\"noreferrer noopener\">aquest gr\u00e0fic<\/a> veiem amb m\u00e9s detall les variacions interanuals en els percentatges de compravendes immobili\u00e0ries. Tot i que es mant\u00e9 la tend\u00e8ncia de compra estiuenca, el nostre punt es confirma: Per definir el millor moment de l&#039;any per vendre un habitatge, hem d&#039;atendre una multitud de factors que influeixen en els moviments del mercat.<\/p>\n\n\n\n<figure class=\"wp-block-image\"><img decoding=\"async\" src=\"https:\/\/www.monapart.com\/sites\/default\/files\/styles\/scale_960xn_\/public\/mediabrowser\/indicadores_del_mercado_inmobiliario_1.jpg?itok=rSDVfUjq\" alt=\"El millor moment de l&#039;any per vendre un habitatge | Monapart \" title=\"gr\u00e0fic d&#039;indicadors del mercat immobiliari\"\/><\/figure>\n\n\n\n<p>Dit aix\u00f2, et mostrem els altres factors i dades que cal tenir en consideraci\u00f3 per saber quan et conv\u00e9 vendre:<\/p>\n\n\n\n<ul class=\"wp-block-list\">\n<li><em>Oferta d\u00b4immobles&nbsp;<\/em><\/li>\n\n\n\n<li><em>Nombre d&#039;hipoteques constitu\u00efdes<\/em><\/li>\n\n\n\n<li><em>\u00cdndex d&#039;endeutament de les fam\u00edlies<\/em><\/li>\n\n\n\n<li><em>Factors demogr\u00e0fics com la pir\u00e0mide de poblaci\u00f3&nbsp;<\/em><\/li>\n\n\n\n<li><em>Dades tur\u00edstiques<\/em><\/li>\n\n\n\n<li><em>Dades de desocupaci\u00f3<\/em><\/li>\n\n\n\n<li><em>Nombre d&#039;ERTS i ETS&nbsp;<\/em><\/li>\n\n\n\n<li><em>Variacions al PIB&nbsp;<\/em><\/li>\n\n\n\n<li><em>Tipus d&#039;inter\u00e8s&nbsp;<\/em><\/li>\n\n\n\n<li><em>L&#039;estat de l&#039;EURIBOR<\/em><\/li>\n<\/ul>\n\n\n\n<p>Tot barrejat amb not\u00edcies nacionals i regionals, mesures pol\u00edtiques, pand\u00e8mies, guerres, desastres naturals, etc. Si t&#039;interessa aprofundir,<a href=\"https:\/\/www.youtube.com\/watch?v=3a3X17E6yQ8&amp;t=616s\" target=\"_blank\" rel=\"noreferrer noopener\"> Alba Garc\u00eda Garc\u00eda<\/a> ho explica amb molt\u00edssima paci\u00e8ncia al seu vlog immobiliari:&nbsp;<\/p>\n\n\n\n<figure class=\"wp-block-embed is-type-rich is-provider-gestor-del-servicio wp-block-embed-gestor-del-servicio wp-embed-aspect-16-9 wp-has-aspect-ratio\"><div class=\"wp-block-embed__wrapper\">\n<iframe loading=\"lazy\" title=\"\ud83e\udd14Com saber el millor moment per comprar immoble, vendre o invertir? Mercat immobiliari\" width=\"500\" height=\"281\" src=\"https:\/\/www.youtube.com\/embed\/3a3X17E6yQ8?feature=oembed\" frameborder=\"0\" allow=\"accelerometer; autoplay; clipboard-write; encrypted-media; gyroscope; picture-in-picture; web-share\" referrerpolicy=\"strict-origin-when-cross-origin\" allowfullscreen><\/iframe>\n<\/div><\/figure>\n\n\n\n<h5 class=\"wp-block-heading has-medium-font-size\"><a id=\"\u00e9poca\"><\/a>La millor \u00e8poca per vendre el teu pis \u00e9s estiu? Per qu\u00e8 sembla que tothom ho prefereix aix\u00ed?<\/h5>\n\n\n\n<p>A hores d&#039;ara, ja ho tens clar. La calor, les vacances i el lleure s\u00f3n factors importants, inclinen la balan\u00e7a. Per\u00f2, <strong>definir un moment de l&#039;any com el millor per vendre el teu pis, resulta m\u00e9s complicat del que aparenta.&nbsp;<\/strong><\/p>\n\n\n\n<p>Aleshores, per qu\u00e8 s&#039;insisteix amb l&#039;estiu?<\/p>\n\n\n\n<ul class=\"wp-block-list\">\n<li>\u00c9s un moment de replantejar objectius. Sobretot a l&#039;ordre familiar. Es pensa a la tornada a l&#039;escola, el comprador t\u00e9 m\u00e9s temps i energia per rec\u00f3rrer i buscar. La motivaci\u00f3 i la predisposici\u00f3 a canviar \u00e9s m\u00e9s alta i l&#039;humor acompanya.<\/li>\n\n\n\n<li>Els dies s\u00f3n m\u00e9s llargs. Hi ha m\u00e9s llum, cosa que permet que les propietats a la venda puguin ser visitades per un nombre d&#039;hores m\u00e9s ampli que a altres estacions de l&#039;any. A m\u00e9s, aquesta mateixa llum aporta una sensaci\u00f3 d&#039;amplitud als espais, destacant la qualitat dels materials i les terminacions.&nbsp;<\/li>\n\n\n\n<li>Es revaloritzen cert tipus de vivendes. Per exemple, les propietats ubicades a prop de la costa, com aquelles que compten amb terrasses, patis o piscines. Els baixos amb jard\u00ed o cases amb zones obertes o per a esports.&nbsp;<\/li>\n<\/ul>\n\n\n\n<p><strong>El millor moment de l?any per vendre un habitatge est\u00e0 condicionat per milions de petits detalls. <\/strong>Al final, del que es tracta \u00e9s d&#039;aconseguir que la venda reporti el guany m\u00e9s gran que el mercat permeti, sigui l&#039;\u00e8poca de l&#039;any que sigui. A Monapart, som experts a trobar el moment exacte per vendre el teu habitatge. Si est\u00e0s pensant en <a href=\"https:\/\/www.monapart.com\/es\/servicios\/vender\" target=\"_blank\" rel=\"noreferrer noopener\">vendre el teu pis<\/a>, podem ajudar-te i en qualsevol \u00e8poca de l&#039;any! ;D<\/p>","protected":false},"excerpt":{"rendered":"<p>T&#039;ajudem amb les claus fonamentals a qu\u00e8 has de prestar atenci\u00f3 per no equivocar-te.<\/p>","protected":false},"author":3,"featured_media":1135,"comment_status":"closed","ping_status":"closed","sticky":false,"template":"","format":"standard","meta":{"_acf_changed":false,"footnotes":""},"categories":[3268],"tags":[2938,2959],"class_list":["post-1134","post","type-post","status-publish","format-standard","has-post-thumbnail","hentry","category-consejo-inmobiliario","tag-compraventa","tag-vivienda"],"acf":[],"_links":{"self":[{"href":"https:\/\/www.monapart.com\/magazine\/ca\/wp-json\/wp\/v2\/posts\/1134","targetHints":{"allow":["GET"]}}],"collection":[{"href":"https:\/\/www.monapart.com\/magazine\/ca\/wp-json\/wp\/v2\/posts"}],"about":[{"href":"https:\/\/www.monapart.com\/magazine\/ca\/wp-json\/wp\/v2\/types\/post"}],"author":[{"embeddable":true,"href":"https:\/\/www.monapart.com\/magazine\/ca\/wp-json\/wp\/v2\/users\/3"}],"replies":[{"embeddable":true,"href":"https:\/\/www.monapart.com\/magazine\/ca\/wp-json\/wp\/v2\/comments?post=1134"}],"version-history":[{"count":3,"href":"https:\/\/www.monapart.com\/magazine\/ca\/wp-json\/wp\/v2\/posts\/1134\/revisions"}],"predecessor-version":[{"id":15905,"href":"https:\/\/www.monapart.com\/magazine\/ca\/wp-json\/wp\/v2\/posts\/1134\/revisions\/15905"}],"wp:featuredmedia":[{"embeddable":true,"href":"https:\/\/www.monapart.com\/magazine\/ca\/wp-json\/wp\/v2\/media\/1135"}],"wp:attachment":[{"href":"https:\/\/www.monapart.com\/magazine\/ca\/wp-json\/wp\/v2\/media?parent=1134"}],"wp:term":[{"taxonomy":"category","embeddable":true,"href":"https:\/\/www.monapart.com\/magazine\/ca\/wp-json\/wp\/v2\/categories?post=1134"},{"taxonomy":"post_tag","embeddable":true,"href":"https:\/\/www.monapart.com\/magazine\/ca\/wp-json\/wp\/v2\/tags?post=1134"}],"curies":[{"name":"wp","href":"https:\/\/api.w.org\/{rel}","templated":true}]}}