{"id":1128,"date":"2022-03-16T13:44:14","date_gmt":"2022-03-16T12:44:14","guid":{"rendered":"https:\/\/www.monapart.com\/magazine\/?p=1128"},"modified":"2025-06-20T17:02:09","modified_gmt":"2025-06-20T15:02:09","slug":"monapart-via-empresa-lloguer-catalunya","status":"publish","type":"post","link":"https:\/\/www.monapart.com\/magazine\/ca\/noticias\/monapart-via-empresa-alquiler-catalunya","title":{"rendered":"Monapart a Via Empresa: la partida de ping-pong del mercat del lloguer a Catalunya"},"content":{"rendered":"<h1 class=\"wp-block-heading\">Monapart a Via Empresa: la partida de ping-pong del mercat del lloguer a Catalunya<\/h1>\n\n\n\n<h2 class=\"wp-block-heading\">Eduard Sol\u00e9 ens d\u00f3na les claus despr\u00e9s de l&#039;anul\u00b7laci\u00f3 de gran part de la llei per contenir els preus del lloguer, que nom\u00e9s ha durat un any i mig, i reflexiona sobre les seves repercussions m\u00e9s immediates.<\/h2>\n\n\n<div class='post-info'>16 de mar\u00e7 de 2022 per <a href='https:\/\/www.monapart.com\/magazine\/ca\/autor\/monapart'>Monapart<\/a><\/div>\n\n\n\n<p><\/p>\n\n\n\n<p>El serial sobre els preus del <a href=\"https:\/\/www.monapart.com\/es\/servicios\/alquilar\">lloguer<\/a> segueix el seu curs i el 2022 promet ser un any de moltes novetats. <a href=\"https:\/\/www.monapart.com\/es\/magazine\/sector-inmobiliario\/el-precio-del-alquiler-y-su-gestion-politica\">El tren de la bruixa del lloguer i la seva gesti\u00f3 pol\u00edtica ens preocupa<\/a>, i l&#039;\u00faltima not\u00edcia va saltar fa tan sols uns dies: <strong>la llei per contenir els preus dels habitatges de lloguer a Catalunya nom\u00e9s ha durat un any i mig<\/strong>. El Tribunal Constitucional ha anul\u00b7lat gran part de la Llei 11\/2020 argumentant que la normativa catalana enva\u00efa compet\u00e8ncies estatals. Amb aquesta decisi\u00f3, el mercat de lloguer residencial catal\u00e0 torna a patir un canvi legislatiu transcendental que, a m\u00e9s, no es fa per motius de la salut del mercat, sin\u00f3 pol\u00edtics i legislatius, fet que enfada els principals agents del sector.<\/p>\n\n\n\n<p><strong>Eduard Sol\u00e9, soci fundador de Monapart, ens d\u00f3na en aquest article de Via Empresa les claus del rev\u00e9s judicial a la norma i anticipa all\u00f2 que pot suposar<\/strong>, per a propietaris i llogaters, l&#039;estat actual del mercat i la seva repercussi\u00f3 m\u00e9s immediata.<\/p>\n\n\n\n<figure class=\"wp-block-image\"><img decoding=\"async\" src=\"https:\/\/www.monapart.com\/sites\/default\/files\/styles\/scale_960xn_\/public\/mediabrowser\/00-monapart-via-empresa-alquiler-catalunya.png?itok=gDqe0jsB\" alt=\"Monapart a Via Empresa: la partida de ping-pong del mercat del lloguer a Catalunya | Monapart \" title=\"monapart-via-empresa-lloguer-catalunya\"\/><\/figure>\n\n\n\n<p><a href=\"https:\/\/www.viaempresa.cat\/es\/economia\/partida-ping-pong-mercado-alquiler-residencial-catalunya_2164794_102.html\" target=\"_blank\" rel=\"noopener\">Llegeix aqu\u00ed l&#039;article complet a la web de Via Empresa<\/a>.<\/p>","protected":false},"excerpt":{"rendered":"<p>Eduard Sol\u00e9, soci fundador de Monapart, ens d\u00f3na les claus despr\u00e9s de l&#039;anul\u00b7laci\u00f3 de gran part de la llei per contenir els preus del lloguer, que nom\u00e9s ha durat un any i mig, i reflexiona sobre les seves repercussions m\u00e9s immediates.<\/p>","protected":false},"author":3,"featured_media":1129,"comment_status":"closed","ping_status":"closed","sticky":false,"template":"","format":"standard","meta":{"_acf_changed":false,"footnotes":""},"categories":[2852,2853],"tags":[3225,2905],"class_list":["post-1128","post","type-post","status-publish","format-standard","has-post-thumbnail","hentry","category-noticias","category-hablan-de-nosotros","tag-alquiler","tag-prensa"],"acf":[],"_links":{"self":[{"href":"https:\/\/www.monapart.com\/magazine\/ca\/wp-json\/wp\/v2\/posts\/1128","targetHints":{"allow":["GET"]}}],"collection":[{"href":"https:\/\/www.monapart.com\/magazine\/ca\/wp-json\/wp\/v2\/posts"}],"about":[{"href":"https:\/\/www.monapart.com\/magazine\/ca\/wp-json\/wp\/v2\/types\/post"}],"author":[{"embeddable":true,"href":"https:\/\/www.monapart.com\/magazine\/ca\/wp-json\/wp\/v2\/users\/3"}],"replies":[{"embeddable":true,"href":"https:\/\/www.monapart.com\/magazine\/ca\/wp-json\/wp\/v2\/comments?post=1128"}],"version-history":[{"count":4,"href":"https:\/\/www.monapart.com\/magazine\/ca\/wp-json\/wp\/v2\/posts\/1128\/revisions"}],"predecessor-version":[{"id":15868,"href":"https:\/\/www.monapart.com\/magazine\/ca\/wp-json\/wp\/v2\/posts\/1128\/revisions\/15868"}],"wp:featuredmedia":[{"embeddable":true,"href":"https:\/\/www.monapart.com\/magazine\/ca\/wp-json\/wp\/v2\/media\/1129"}],"wp:attachment":[{"href":"https:\/\/www.monapart.com\/magazine\/ca\/wp-json\/wp\/v2\/media?parent=1128"}],"wp:term":[{"taxonomy":"category","embeddable":true,"href":"https:\/\/www.monapart.com\/magazine\/ca\/wp-json\/wp\/v2\/categories?post=1128"},{"taxonomy":"post_tag","embeddable":true,"href":"https:\/\/www.monapart.com\/magazine\/ca\/wp-json\/wp\/v2\/tags?post=1128"}],"curies":[{"name":"wp","href":"https:\/\/api.w.org\/{rel}","templated":true}]}}