{"id":1124,"date":"2022-03-11T00:00:00","date_gmt":"2022-03-10T23:00:00","guid":{"rendered":"https:\/\/www.monapart.com\/magazine\/?p=1124"},"modified":"2025-04-04T11:59:06","modified_gmt":"2025-04-04T09:59:06","slug":"el-llegat-daicx","status":"publish","type":"post","link":"https:\/\/www.monapart.com\/magazine\/ca\/noticias\/el-legado-de-aicx","title":{"rendered":"El llegat d&#039;AICX"},"content":{"rendered":"<h1 class=\"wp-block-heading\">El llegat d&#039;AICX<\/h1>\n\n\n\n<h2 class=\"wp-block-heading\">Si com afirmava Paul Virilio, cada artefacte cont\u00e9 el seu propi accident \u2012el vaixell inaugura el naufragi; el tren el descarrilament\u2012 hi havia una manera com AICX podria haver sortit malament.\u00a0<\/h2>\n\n\n<div class='post-info'>11 de mar\u00e7 de 2022 per <a href='https:\/\/www.monapart.com\/magazine\/ca\/autor\/olgasala'>Olga Sala<\/a><\/div>\n\n\n\n<p>Qui juga amb material sensible \u2012talla un diamant, cuina un peix globus, interpreta Bach\u2012 sap el risc que corre. Que dif\u00edcil que \u00e9s ocupar el lloc d&#039;un altre, oi? Pobre Roger Moore! Com ser un James Bond cre\u00efble despr\u00e9s del llegat de Sean Connery? Per aix\u00f2 AICX podria haver sortit malament\u2026<\/p>\n\n\n\n<p>Per\u00f2 va ser una meravella.<\/p>\n\n\n\n<p><a href=\"https:\/\/www.linkedin.com\/in\/nesoba\/?lipi=urn%3Ali%3Apage%3Ad_flagship3_pulse_read%3BSF6yWvMoTEyXfdB3MaaqBw%3D%3D\" target=\"_blank\" rel=\"noreferrer noopener\">Ernest Soler<\/a>,&nbsp;<a href=\"https:\/\/www.linkedin.com\/in\/jordi-pol-encesa-122106ab\/?lipi=urn%3Ali%3Apage%3Ad_flagship3_pulse_read%3BSF6yWvMoTEyXfdB3MaaqBw%3D%3D\" target=\"_blank\" rel=\"noreferrer noopener\">Jordi Pol<\/a>&nbsp;i&nbsp;<a href=\"https:\/\/www.linkedin.com\/in\/peremaymi\/?lipi=urn%3Ali%3Apage%3Ad_flagship3_pulse_read%3BSF6yWvMoTEyXfdB3MaaqBw%3D%3D\" target=\"_blank\" rel=\"noreferrer noopener\">Pere Maymi<\/a>, amb el suport de&nbsp;<a href=\"https:\/\/www.linkedin.com\/in\/luiglesias\/?lipi=urn%3Ali%3Apage%3Ad_flagship3_pulse_read%3BSF6yWvMoTEyXfdB3MaaqBw%3D%3D\" target=\"_blank\" rel=\"noreferrer noopener\">Luis Iglesias<\/a>, Bego\u00f1a i Andreu \u2012ens van regalar un dia emotiu i llumin\u00f3s, contingut, lliure, aut\u00e8ntic, preci\u00f3s. Gr\u00e0cies infinites.<\/p>\n\n\n\n<p>Van orquestrar de forma magn\u00edfica i desposse\u00efda de tot artifici, un comiat dur\u00edssim i tot seguit, a pit descobert, somriure agra\u00efts a la vida. Van aconseguir tancar una porta i tot seguit obrir-ne una altra, que portava a un sentiment que encara perdura (estic segura), en totes i cadascuna de les persones que hi vam ser. I tot ho van fer amb enorme talent, afecte, respecte i molta valentia.<\/p>\n\n\n\n<figure class=\"wp-block-image\"><img decoding=\"async\" src=\"https:\/\/www.monapart.com\/sites\/default\/files\/styles\/scale_960xn_\/public\/mediabrowser\/aicx_logo.png?itok=xaPfgGQA\" alt=\"El llegat de l&#039;AICX | Monapart \"\/><\/figure>\n\n\n\n<p>Ens portem quatre coses. Potser alguna m\u00e9s:<\/p>\n\n\n\n<p>Ens portem un comiat bonic, just, degut i perfectament mesurat en la seva emotivitat al nostre company&nbsp;<a href=\"https:\/\/www.linkedin.com\/in\/sergi-verge-85b9aa1a3\/?lipi=urn%3Ali%3Apage%3Ad_flagship3_pulse_read%3BSF6yWvMoTEyXfdB3MaaqBw%3D%3D\" target=\"_blank\" rel=\"noreferrer noopener\">Sergi Verge<\/a>.<\/p>\n\n\n\n<p>Ens portem la comprovaci\u00f3 d\u00b4un format d\u00b4esdeveniment absolutament&nbsp;<em>killer.&nbsp;<\/em>Ernest, Jordi, Pere ens han demostrat que la combinaci\u00f3 de xerrades motivacionals, hist\u00f2ries d&#039;immobiliaris, snacks, entrevistes a empresaris locals de tota proced\u00e8ncia, sopar i ball s\u00f3n una combinaci\u00f3 virtuosa quan est\u00e0 en mans de gent intel\u00b7ligent i sensible. \u00c9s, doncs, un esdeveniment replicable i exportable.<\/p>\n\n\n\n<p>Ens portem la consolidaci\u00f3 de noves veus capaces de continuar liderant i dinamitzant un discurs sectorial canyer i interessant. Jordi i Pere s\u00f3n art\u00edfexs de \u201cEl Legado\u201d i \u2012ho s\u00e0piguen o no, ho vulguin o no\u2012 s\u00f3n part del llegat mateix.<\/p>\n\n\n\n<p>Finalment, crec que ens emportem els<strong> primers s\u00edmptomes d&#039;un canvi de valors al nostre sector.&nbsp;<\/strong>Van ser diverses les presentacions (incloc la meva), de persones de diferents edats i localitzacions en qu\u00e8 es va parlar de prop\u00f2sit, afecte, recerca de la felicitat, plenitud, col\u00b7laboraci\u00f3\u2026 riquesa molt m\u00e9s enll\u00e0 de l&#039;entesa en termes econ\u00f2mics. Tamb\u00e9 en converses amb companyes i companys que em van parlar de \u201ctancaments de cicle\u201d, de necessitat de renovaci\u00f3, de prop\u00f2sits renovats. Si el riu sona, aigua hi porta.<\/p>\n\n\n\n<p>No s\u00e9 si ja ho sab\u00edem en comen\u00e7ar, per\u00f2 el llegat era aix\u00f2: un grup de persones, immobiliaris i no, units per l&#039;afecte i l&#039;admiraci\u00f3; un format comunicatiu poder\u00f3s; uns hereus d?una manera de ser i veure l?immobiliari; i uns valors que semblen anticipar en el millor dels casos un canvi de paradigma i, en el pitjor, un sector immobiliari m\u00e9s bonic.<\/p>\n\n\n\n<p>El futur \u00e9s sense Sergi, per\u00f2 n&#039;estar\u00e0 ple.<\/p>\n\n\n\n<figure class=\"wp-block-embed is-type-video is-provider-youtube wp-block-embed-youtube wp-embed-aspect-16-9 wp-has-aspect-ratio\"><div class=\"wp-block-embed__wrapper\">\n<iframe loading=\"lazy\" title=\"El resum | AiCX : El llegat\" width=\"500\" height=\"281\" src=\"https:\/\/www.youtube.com\/embed\/Sk2T0qsRXik?feature=oembed\" frameborder=\"0\" allow=\"accelerometer; autoplay; clipboard-write; encrypted-media; gyroscope; picture-in-picture; web-share\" referrerpolicy=\"strict-origin-when-cross-origin\" allowfullscreen><\/iframe>\n<\/div><\/figure>\n\n\n\n<p>El llegat d&#039;AICX \u00e9s aquest: un grup de persones, immobiliaris i no, units per l&#039;afecte i l&#039;admiraci\u00f3; un format comunicatiu poder\u00f3s; uns hereus d?una manera de ser i veure l?immobiliari; i uns valors que semblen anticipar en el millor dels casos un canvi de paradigma i, en el pitjor, un sector immobiliari m\u00e9s bonic.<\/p>","protected":false},"excerpt":{"rendered":"<p>Qui juga amb material sensible \u2012talla un diamant, cuina un peix globus, interpreta Bach\u2012 sap el risc que corre. Que dif\u00edcil que \u00e9s ocupar el lloc d&#039;un altre, oi? Pobre Roger Moore! Com ser un James Bond cre\u00efble despr\u00e9s del llegat de Sean Connery? Per aix\u00f2 AICX podria haver sortit malament\u2026<\/p>","protected":false},"author":4,"featured_media":1125,"comment_status":"closed","ping_status":"closed","sticky":false,"template":"","format":"standard","meta":{"_acf_changed":false,"footnotes":""},"categories":[2852,2854],"tags":[2925],"class_list":["post-1124","post","type-post","status-publish","format-standard","has-post-thumbnail","hentry","category-noticias","category-actualidad","tag-aic"],"acf":[],"_links":{"self":[{"href":"https:\/\/www.monapart.com\/magazine\/ca\/wp-json\/wp\/v2\/posts\/1124","targetHints":{"allow":["GET"]}}],"collection":[{"href":"https:\/\/www.monapart.com\/magazine\/ca\/wp-json\/wp\/v2\/posts"}],"about":[{"href":"https:\/\/www.monapart.com\/magazine\/ca\/wp-json\/wp\/v2\/types\/post"}],"author":[{"embeddable":true,"href":"https:\/\/www.monapart.com\/magazine\/ca\/wp-json\/wp\/v2\/users\/4"}],"replies":[{"embeddable":true,"href":"https:\/\/www.monapart.com\/magazine\/ca\/wp-json\/wp\/v2\/comments?post=1124"}],"version-history":[{"count":3,"href":"https:\/\/www.monapart.com\/magazine\/ca\/wp-json\/wp\/v2\/posts\/1124\/revisions"}],"predecessor-version":[{"id":15873,"href":"https:\/\/www.monapart.com\/magazine\/ca\/wp-json\/wp\/v2\/posts\/1124\/revisions\/15873"}],"wp:featuredmedia":[{"embeddable":true,"href":"https:\/\/www.monapart.com\/magazine\/ca\/wp-json\/wp\/v2\/media\/1125"}],"wp:attachment":[{"href":"https:\/\/www.monapart.com\/magazine\/ca\/wp-json\/wp\/v2\/media?parent=1124"}],"wp:term":[{"taxonomy":"category","embeddable":true,"href":"https:\/\/www.monapart.com\/magazine\/ca\/wp-json\/wp\/v2\/categories?post=1124"},{"taxonomy":"post_tag","embeddable":true,"href":"https:\/\/www.monapart.com\/magazine\/ca\/wp-json\/wp\/v2\/tags?post=1124"}],"curies":[{"name":"wp","href":"https:\/\/api.w.org\/{rel}","templated":true}]}}