{"id":1094,"date":"2021-11-15T08:18:37","date_gmt":"2021-11-15T07:18:37","guid":{"rendered":"https:\/\/www.monapart.com\/magazine\/?p=1094"},"modified":"2025-06-20T16:49:01","modified_gmt":"2025-06-20T14:49:01","slug":"entrevista-costat-blanc","status":"publish","type":"post","link":"https:\/\/www.monapart.com\/magazine\/ca\/hogar\/entrevista-lado-blanco","title":{"rendered":"L&#039;emoci\u00f3 de tornar a comen\u00e7ar: Entrevista a Javier San Juan (Cado Blanco)"},"content":{"rendered":"<h1 class=\"wp-block-heading\">L&#039;emoci\u00f3 de tornar a comen\u00e7ar: Entrevista a Javier San Juan (Cado Blanco)<\/h1>\n\n\n\n<h2 class=\"wp-block-heading\">Connecten llocs i persones, i un cop acaben, repeteixen all\u00f2 que els fa realment feli\u00e7os: prendre un altre paper en blanc i comen\u00e7ar de nou. Descobriu en aquesta entrevista com treballen i en qu\u00e8 s&#039;inspiren.<\/h2>\n\n\n<div class='post-info'>15 de novembre de 2021 per <a href='https:\/\/www.monapart.com\/magazine\/ca\/autor\/monapart'>Monapart<\/a><\/div>\n\n\n\n<figure class=\"wp-block-image\"><img decoding=\"async\" src=\"https:\/\/www.monapart.com\/sites\/default\/files\/styles\/scale_960xn_\/public\/mediabrowser\/00-entrevista-lado-blanco.jpg?itok=bEayGNtZ\" alt=\"L&#039;emoci\u00f3 de tornar a comen\u00e7ar: Entrevista a Javier San Juan (Cado Blanco) | Monapart \" title=\"entrevista-costat-blanc\"\/><\/figure>\n\n\n\n<h3 class=\"wp-block-heading\">Javier San Juan mai va tenir vertigen el llapis i el paper en blanc. Dir\u00edem que, en realitat, va ser tot al contrari. Va crear, juntament amb Mar, <a href=\"https:\/\/www.ladoblanco.com\/\" target=\"_blank\" rel=\"noopener\">costat blanc<\/a>\u00a0(<a href=\"https:\/\/www.instagram.com\/lado_blanco\" target=\"_blank\" rel=\"noopener\">@costat_blanc<\/a> a Instagram), el seu estudi d&#039;arquitectura emocional, en una oda constant als inicis, a la creativitat que arrenca un projecte i als somnis per fer. <\/h3>\n\n\n\n<h5 class=\"wp-block-heading has-medium-font-size\">Parla&#039;ns de tu i de la teva feina. On va n\u00e9ixer la teva vocaci\u00f3? Algun primer record?<\/h5>\n\n\n\n<p>A les tardes quan arribava del col\u00b7legi veia el meu pare dibuixar amb el seu escaire i cartab\u00f3 i els seus retoladors PILOT plans i detalls constructius per a les obres en qu\u00e8 estava immers. Tamb\u00e9 passava moltes tardes construint amb ell les maquetes dels treballs del col\u00b7legi\u2026 vam fer fins a la maqueta del meu final de carrera junts! Crec que aqu\u00ed va n\u00e9ixer la meva vocaci\u00f3. Em semblava meravell\u00f3s pensar en alguna cosa i despr\u00e9s veure-ho constru\u00eft, ia m\u00e9s fer-ho al costat del meu pare.<\/p>\n\n\n\n<h5 class=\"wp-block-heading has-medium-font-size\">Qu\u00e8 \u00e9s el que m\u00e9s et satisf\u00e0 de la teva feina? Alg\u00fa del que et sentis especialment orgull\u00f3s?<\/h5>\n\n\n\n<p>Construir somnis. M&#039;agrada escoltar i tractar de plasmar en un paper els somnis dels meus clients, \u00e9s el que anomenem, arquitectura emocional. llocs de trobada entre els cient\u00edfics per augmentar la seva productivitat i felicitat. Crec que no puc triar nom\u00e9s un projecte\u2026<\/p>\n\n\n\n<figure class=\"wp-block-image\"><img decoding=\"async\" src=\"https:\/\/www.monapart.com\/sites\/default\/files\/styles\/scale_960xn_\/public\/mediabrowser\/01-entrevista-lado-blanco.jpg?itok=XfDgk1RJ\" alt=\"L&#039;emoci\u00f3 de tornar a comen\u00e7ar: Entrevista a Javier San Juan (Cado Blanco) | Monapart \" title=\"entrevista-costat-blanc\"\/><\/figure>\n\n\n\n<figure class=\"wp-block-image\"><img decoding=\"async\" src=\"https:\/\/www.monapart.com\/sites\/default\/files\/styles\/scale_960xn_\/public\/mediabrowser\/02-entrevista-lado-blanco.jpg?itok=nEr0j5qh\" alt=\"L&#039;emoci\u00f3 de tornar a comen\u00e7ar: Entrevista a Javier San Juan (Cado Blanco) | Monapart \" title=\"entrevista-costat-blanc\"\/><\/figure>\n\n\n\n<h5 class=\"wp-block-heading has-medium-font-size\">Com \u00e9s el teu proc\u00e9s creatiu? Quines s\u00f3n les fonts d&#039;inspiraci\u00f3? Alguna m\u00fasica especialment mentre treballes?<\/h5>\n\n\n\n<p>El nom de banda blanca arquitectes \u00e9s l&#039;origen del nostre proc\u00e9s creatiu, el paper en blanc i un llapis. Per arrencar en un projecte treballem amb un test inicial amb els nostres clients i una petita carta amb preguntes sobre els seus somnis i petits exercicis de visualitzaci\u00f3 de com s&#039;imaginen a la nova casa, oficina, local, espai de treball\u2026 o el que correspongui. Aquest \u00e9s el germen del projecte: observaci\u00f3, escolta i lectura dels seus desitjos. La m\u00fasica ens acompanya en el proc\u00e9s, cada projecte t\u00e9 la seva banda sonora per a nosaltres i en les presentacions de les primeres idees en forma part indissoluble. S&#039;asseuen a l&#039;estudi amb nosaltres, posem la m\u00fasica, visualitzem el projecte acabat i els transmetem tot all\u00f2 que ens ha fet somiar amb el seu projecte. \u00a1L&#039;experi\u00e8ncia \u00e9s inoblidable!<\/p>\n\n\n\n<figure class=\"wp-block-image\"><img decoding=\"async\" src=\"https:\/\/www.monapart.com\/sites\/default\/files\/styles\/scale_960xn_\/public\/mediabrowser\/04-entrevista-lado-blanco.jpg?itok=bG4fuSy6\" alt=\"L&#039;emoci\u00f3 de tornar a comen\u00e7ar: Entrevista a Javier San Juan (Cado Blanco) | Monapart \" title=\"entrevista-costat-blanc\"\/><\/figure>\n\n\n\n<figure class=\"wp-block-image\"><img decoding=\"async\" src=\"https:\/\/www.monapart.com\/sites\/default\/files\/styles\/scale_960xn_\/public\/mediabrowser\/05-entrevista-lado-blanco.jpg?itok=FDl2F4rX\" alt=\"L&#039;emoci\u00f3 de tornar a comen\u00e7ar: Entrevista a Javier San Juan (Cado Blanco) | Monapart \" title=\"entrevista-costat-blanc\"\/><\/figure>\n\n\n\n<figure class=\"wp-block-image\"><img decoding=\"async\" src=\"https:\/\/www.monapart.com\/sites\/default\/files\/styles\/scale_960xn_\/public\/mediabrowser\/06-entrevista-lado-blanco.jpg?itok=mvPQUlqM\" alt=\"L&#039;emoci\u00f3 de tornar a comen\u00e7ar: Entrevista a Javier San Juan (Cado Blanco) | Monapart \" title=\"entrevista-costat-blanc\"\/><\/figure>\n\n\n\n<h5 class=\"wp-block-heading has-medium-font-size\">Color, llibre, pel\u00b7li i disc favorits. Per aquest ordre! ;D<\/h5>\n\n\n\n<p>Blau.<\/p>\n\n\n\n<p><em>Firmin<\/em>, de Sam Savage.<\/p>\n\n\n\n<p><em>Interstellar<\/em>, de Christopher Nolan.<\/p>\n\n\n\n<p><em>Al cub\u00e0<\/em>, d&#039;Orishas.<\/p>\n\n\n\n<figure class=\"wp-block-embed is-type-rich is-provider-spotify wp-block-embed-spotify wp-embed-aspect-21-9 wp-has-aspect-ratio\"><div class=\"wp-block-embed__wrapper\">\n<iframe title=\"Spotify Embed: A Lo Cubano\" style=\"border-radius: 12px\" width=\"100%\" height=\"352\" frameborder=\"0\" allowfullscreen allow=\"autoplay; clipboard-write; encrypted-media; fullscreen; picture-in-picture\" loading=\"lazy\" src=\"https:\/\/open.spotify.com\/embed\/album\/3zXdL8n7OMWKY156NgUZ4m?go=1&#038;sp_cid=fd727a3e1f73196193831a97f99a4aab&#038;utm_source=oembed&#038;utm_medium=desktop&#038;nd=1&#038;dlsi=95ac240159b94126\"><\/iframe>\n<\/div><\/figure>\n\n\n\n<h5 class=\"wp-block-heading has-medium-font-size\"><strong>\u00c9s casa teva reflex de qui ets? Explica&#039;ns a qu\u00e8 fa olor, el teu rac\u00f3 favorit, el teu objecte decoratiu o moble fetitxe, si atresores alguna col\u00b7lecci\u00f3\u2026 I si tens mascota, presenta&#039;ns-la!<\/strong><\/h5>\n\n\n\n<p>No, la veritat \u00e9s que no. Diuen que a casa de ferrer ganivet de pal\u2026 casa meva reflex encara ha d&#039;arribar. Per\u00f2 on visc tinc una vella butaca on m&#039;agrada asseure&#039;m i xerrar, amb un vi i unes espelmes enceses en dos canelobres que vaig rescatar d&#039;una de les meves primeres obres.<\/p>\n\n\n\n<h5 class=\"wp-block-heading has-medium-font-size\">Un pla a casa sempre inclou\u2026<\/h5>\n\n\n\n<p>Bon vi, menjar ric amb amics i m\u00fasica.<\/p>\n\n\n\n<h5 class=\"wp-block-heading has-medium-font-size\">Tens algun plat estrella?<\/h5>\n\n\n\n<p>L&#039;arr\u00f2s amb coses, no se&#039;l pot dir paella\u2026 per no molestar els meus amics valencians \ud83d\ude09<\/p>\n\n\n\n<h5 class=\"wp-block-heading has-medium-font-size\">Quin \u00e9s el teu lloc preferit a la teva ciutat? I a l&#039;estranger?<\/h5>\n\n\n\n<p>A Madrid, el parc de l&#039;Oest, em recorda la meva infantesa i t\u00e9 un dels millors capvespres de la ciutat. I a l&#039;estranger, Roma, perdre&#039;m rondant per la ciutat i descobrir\u2026<\/p>\n\n\n\n<h5 class=\"wp-block-heading has-medium-font-size\">Cosa que ens vulguis explicar i que no t&#039;haguem preguntat. Parla ara o calla per sempre!<\/h5>\n\n\n\n<p>\u00c9s una gran satisfacci\u00f3 personal haver trobat el nostre cam\u00ed a l&#039;arquitectura, construint somnis, fent arquitectura emocional, amb qualitat i rigor. M&#039;agrada veure que les maquetes que constru\u00efa amb amor amb el meu pare avui esdevenen realitat i llocs on viure, treballar, descansar i compartir.<\/p>\n\n\n\n<figure class=\"wp-block-image\"><img decoding=\"async\" src=\"https:\/\/www.monapart.com\/sites\/default\/files\/styles\/scale_960xn_\/public\/mediabrowser\/03-entrevista-lado-blanco.jpg?itok=q4Kcnm-o\" alt=\"entrevista-costat-blanc\" title=\"entrevista-costat-blanc\"\/><\/figure>\n\n\n\n<h3 class=\"wp-block-heading\">Des de Lado Blanco, juntament amb Mar, continua reinventant l&#039;arquitectura com un llenguatge hum\u00e0 i proper, on cada projecte comen\u00e7a amb una pregunta, una melodia i una il\u00b7lusi\u00f3. Perqu\u00e8 al seu m\u00f3n, cada final nom\u00e9s \u00e9s l&#039;emoci\u00f3 de tornar a comen\u00e7ar.<\/h3>","protected":false},"excerpt":{"rendered":"<p>Javier San Juan mai va tenir vertigen el llapis i el paper en blanc. Dir\u00edem que, en realitat, va ser tot al contrari. Va crear, juntament amb Mar, costat blanc (@costat_blanc a Instagram), el seu estudi d&#039;arquitectura emocional, en una oda constant als inicis, a la creativitat que arrenca un projecte i els somnis per fer. <\/p>","protected":false},"author":3,"featured_media":1095,"comment_status":"closed","ping_status":"closed","sticky":false,"template":"","format":"standard","meta":{"_acf_changed":false,"footnotes":""},"categories":[2844,2845],"tags":[2885],"class_list":["post-1094","post","type-post","status-publish","format-standard","has-post-thumbnail","hentry","category-hogar","category-mi-monapart","tag-arquitectura"],"acf":[],"_links":{"self":[{"href":"https:\/\/www.monapart.com\/magazine\/ca\/wp-json\/wp\/v2\/posts\/1094","targetHints":{"allow":["GET"]}}],"collection":[{"href":"https:\/\/www.monapart.com\/magazine\/ca\/wp-json\/wp\/v2\/posts"}],"about":[{"href":"https:\/\/www.monapart.com\/magazine\/ca\/wp-json\/wp\/v2\/types\/post"}],"author":[{"embeddable":true,"href":"https:\/\/www.monapart.com\/magazine\/ca\/wp-json\/wp\/v2\/users\/3"}],"replies":[{"embeddable":true,"href":"https:\/\/www.monapart.com\/magazine\/ca\/wp-json\/wp\/v2\/comments?post=1094"}],"version-history":[{"count":3,"href":"https:\/\/www.monapart.com\/magazine\/ca\/wp-json\/wp\/v2\/posts\/1094\/revisions"}],"predecessor-version":[{"id":15930,"href":"https:\/\/www.monapart.com\/magazine\/ca\/wp-json\/wp\/v2\/posts\/1094\/revisions\/15930"}],"wp:featuredmedia":[{"embeddable":true,"href":"https:\/\/www.monapart.com\/magazine\/ca\/wp-json\/wp\/v2\/media\/1095"}],"wp:attachment":[{"href":"https:\/\/www.monapart.com\/magazine\/ca\/wp-json\/wp\/v2\/media?parent=1094"}],"wp:term":[{"taxonomy":"category","embeddable":true,"href":"https:\/\/www.monapart.com\/magazine\/ca\/wp-json\/wp\/v2\/categories?post=1094"},{"taxonomy":"post_tag","embeddable":true,"href":"https:\/\/www.monapart.com\/magazine\/ca\/wp-json\/wp\/v2\/tags?post=1094"}],"curies":[{"name":"wp","href":"https:\/\/api.w.org\/{rel}","templated":true}]}}