{"id":1092,"date":"2021-09-22T15:37:16","date_gmt":"2021-09-22T13:37:16","guid":{"rendered":"https:\/\/www.monapart.com\/magazine\/?p=1092"},"modified":"2025-06-20T17:02:18","modified_gmt":"2025-06-20T15:02:18","slug":"monapart-a-via-empresa-la-llei-del-preu-del-lloguer-un-any-despres","status":"publish","type":"post","link":"https:\/\/www.monapart.com\/magazine\/ca\/noticias\/monapart-en-via-empresa-la-ley-del-precio-del-alquiler-un-ano-despues","title":{"rendered":"Monapart a VIA Empresa: la llei del preu del lloguer, un any despr\u00e9s"},"content":{"rendered":"<h1 class=\"wp-block-heading\">Monapart a VIA Empresa: la llei del preu del lloguer, un any despr\u00e9s<\/h1>\n\n\n\n<h2 class=\"wp-block-heading\">Eduard Sol\u00e9, soci i director d&#039;operacions a Monapart, comparteix algunes de les nostres conclusions i propostes per a una legislaci\u00f3 amb molt de marge de millora.<\/h2>\n\n\n<div class='post-info'>22 de setembre de 2021 per <a href='https:\/\/www.monapart.com\/magazine\/ca\/autor\/monapart'>Monapart<\/a><\/div>\n\n\n\n<p>Ja ha passat un any des de l&#039;aprovaci\u00f3 de la llei per regular el preu del <a href=\"https:\/\/www.monapart.com\/es\/servicios\/alquilar\">lloguer<\/a> a Catalunya, en un per\u00edode ple de canvis per al sector residencial: la fi d&#039;un cicle expansiu, la irrupci\u00f3 de la COVID-19 i una nova regulaci\u00f3, i sou molts els que ens pregunteu com ha afectat el mercat i si est\u00e0 servint pel que es va plantejar.\u00a0<\/p>\n\n\n\n<p>En aquest article publicat ahir, 21 de setembre, VIA Empresa parla sobre&nbsp;<a href=\"https:\/\/www.viaempresa.cat\/es\/economia\/ley-precio-alquiler_2157264_102.html\" target=\"_blank\" rel=\"noopener\">La llei per contenir el preu del lloguer, un any despr\u00e9s. <\/a>I per aix\u00f2, la periodista Elena Busquets ha entrevistat Eduard Sol\u00e9, soci i director d&#039;operacions a Monapart, on comparteix algunes de les nostres conclusions i propostes per a una legislaci\u00f3 amb molt de marge de millora:<\/p>\n\n\n\n<figure class=\"wp-block-image\"><img decoding=\"async\" src=\"https:\/\/www.monapart.com\/sites\/default\/files\/styles\/scale_960xn_\/public\/mediabrowser\/00-monapart-ley-indice-precios-alquiler.png?itok=HIyGAdbd\" alt=\"Monapart a VIA Empresa: la llei del preu del lloguer, un any despr\u00e9s | Monapart \" title=\"monapart-llei-\u00edndex-preus-lloguer\"\/><\/figure>\n\n\n\n<h5 class=\"wp-block-heading has-medium-font-size\">La llei per contenir el preu del lloguer, un any despr\u00e9s | 21\/09\/2021 | Elena Busquets (Via Empresa)<\/h5>\n\n\n\n<p>La llei per contenir els preus dels habitatges de lloguer a Catalunya avui fa un any. Han passat dotze mesos des que la Generalitat va decidir posar un fre a la pujada dels preus en un mercat que acumulava increments continuats des del 2014. La mesura afectava 61 municipis considerats \u00e0rees amb un mercat d&#039;habitatge tens: entre ells Barcelona, ciutats de la seva \u00e0rea metropolitana i algunes capitals de prov\u00edncia.<\/p>\n\n\n\n<p><strong>Un any i una pand\u00e8mia despr\u00e9s, els preus de l&#039;habitatge de lloguer a Barcelona han baixat un 10%<\/strong>, per\u00f2 tamb\u00e9 ho han fet a altres ciutats com Madrid (10%), Val\u00e8ncia (9,5%) o Sevilla (8,4%), on la llei 11\/2020 no t\u00e9 vig\u00e8ncia. Per tant, qu\u00e8 ha fet abaixar els preus?<\/p>\n\n\n\n<p><em>&quot;Cal tenir en compte que aquesta llei va arribar al final d&#039;un cicle&quot;<\/em>, explica L\u00e1zaro Cubero, director d&#039;an\u00e0lisi de Tecnocasa. <em>\u00abEl mercat immobiliari, tant en venda com en lloguer, es mou per cicles de 5-6 anys i el mercat residencial de Barcelona tot just portava aquests anys de creixement\u00bb.<\/em> De fet, el preu del metre quadrat a la capital catalana s?havia incrementat un 46,5% des del 2014 fins al 2019, passant dels 10,16 euros fins als 14,9. A la fi d&#039;un cicle, se li suma, a m\u00e9s, la irrupci\u00f3 de la covid-19 i la seva afectaci\u00f3 a l&#039;economia.<\/p>\n\n\n\n<figure class=\"wp-block-image\"><img decoding=\"async\" src=\"https:\/\/www.monapart.com\/sites\/default\/files\/styles\/scale_960xn_\/public\/mediabrowser\/01-monapart-ley-indice-precios-alquiler.png?itok=b9TouSA-\" alt=\"Monapart a VIA Empresa: la llei del preu del lloguer, un any despr\u00e9s | Monapart \" title=\"monapart-llei-\u00edndex-preus-lloguer\"\/><\/figure>\n\n\n\n<h5 class=\"wp-block-heading has-medium-font-size\">Penalitzaci\u00f3 al valor afegit<\/h5>\n\n\n\n<p>Segons la llei 11\/2020, els preus dels pisos s&#039;han d&#039;establir segons l&#039;\u00edndex de refer\u00e8ncia, que t\u00e9 en compte aspectes com ara la superf\u00edcie, l&#039;estat de l&#039;immoble, l&#039;efici\u00e8ncia energ\u00e8tica i la ubicaci\u00f3. Per\u00f2 all\u00f2 que no t\u00e9 prou en compte, per a molts experts, s\u00f3n els extres que pot tenir l&#039;habitatge.<\/p>\n\n\n\n<p>A la nova regulaci\u00f3 s&#039;indica que el preu final de la renda es pot incrementar un 5% si l&#039;habitatge t\u00e9 com a m\u00ednim tres caracter\u00edstiques destacades, com a ascensor, vistes especials, piscina comunit\u00e0ria, mobles, etc\u00e8tera. <em>\u00abAquest increment seria correcte si fos per cada element especial del pis, per\u00f2 \u00e9s insuficient si nom\u00e9s s?aconsegueix amb tres d?aquestes caracter\u00edstiques\u00bb,<\/em> analitza Eduard Sol\u00e9, soci i director d?operacions de Monapart. I afegeix: <em>\u00absi un pis amb una reforma de qualitat ha de tenir el mateix preu que un altre on s&#039;hagi fet un nyap, els propietaris no estaran motivats a fer reformes de qualitat. I aix\u00f2 pot mediocriure el parc residencial de Barcelona\u00bb.<\/em><\/p>\n\n\n\n<blockquote class=\"wp-block-quote alignright is-layout-flow wp-block-quote-is-layout-flow\">\n<p>Eduard Sol\u00e9: <em>\u00abSi un pis amb una reforma de qualitat ha de tenir el mateix preu que un altre on s?hagi fet un nyap, els propietaris no estaran motivats a fer reformes de qualitat\u00bb.<\/em><\/p>\n<\/blockquote>\n\n\n\n<h5 class=\"wp-block-heading has-medium-font-size\">Barcelona i Madrid prenen camins diferents<\/h5>\n\n\n\n<p><strong>Una de les grans pors dels experts del sector immobiliari quan la llei 11\/2020 va entrar en vigor era que es produ\u00eds una reducci\u00f3 de l&#039;oferta. Per\u00f2 la rotaci\u00f3 produ\u00efda a causa de la covid-19 i el trasp\u00e0s de pisos de lloguer tur\u00edstic al mercat residencial tradicional no ho van permetre. <\/strong>De fet, tant a Barcelona com a Madrid, l&#039;oferta es va incrementar des de l&#039;abril del 2020 fins al mes de juliol passat, moment en qu\u00e8 les dues ciutats han agafat camins diferents. Mentre que Madrid ha continuat incrementant la seva cartera de pisos disponibles de lloguer, Barcelona l&#039;ha redu\u00eft per sota del volum del 2020. <em>\u00abPer\u00f2 encara \u00e9s d&#039;hora per imputar aquesta reducci\u00f3 a aquesta llei\u00bb,<\/em> expressa Cubero, <em>&quot;ens hem d&#039;esperar m\u00e9s temps&quot;.<\/em><\/p>\n\n\n\n<p>A Cubero de Tecnocasa el preocupa que l&#039;oferta es continu\u00ef reduint amb els anys, tenint en compte que el percentatge del perfil inversor a les compravendes d&#039;habitatges a Barcelona \u00e9s m\u00e9s redu\u00eft que a la resta de ciutats d&#039;Espanya. <em>\u00abA Espanya dues de cada deu compres de pisos es fan com a inversi\u00f3. A Madrid l?inversor representa el 28% de les compravendes, a Saragossa el 26%, per\u00f2 a Barcelona nom\u00e9s el 16%\u00bb.<\/em><\/p>\n\n\n\n<p>\u00c9s un percentatge que no sempre ha estat tan baix, sin\u00f3 que reflecteix una tend\u00e8ncia a la baixa. <em>\u00abL&#039;any 2018 rondava el 30% <\/em>-explica Cubero- <em>i aix\u00f2 vol dir que cada vegada hi ha menys persones que compren a Barcelona amb l?objectiu de posar pis de lloguer, fet que no impactar\u00e0 en l?oferta present, per\u00f2 s\u00ed en la futura\u00bb.<\/em><\/p>\n\n\n\n<p>A m\u00e9s, els habitatges de Barcelona no pertanyen a grans forquilles: nom\u00e9s un 5% dels pisos de Barcelona s\u00f3n propietat de fons d&#039;inversi\u00f3, socimis o grans forquilles. <em>\u00abPer tant aquesta llei a qui ha afectat d&#039;una manera molt contundent \u00e9s els petits propietaris\u00bb, <\/em>analitza Sol\u00e9.<\/p>\n\n\n\n<h5 class=\"wp-block-heading has-medium-font-size\">Holanda, Regne Unit, Fran\u00e7a\u2026 i Barcelona?<\/h5>\n\n\n\n<p>Per a Cubero, <em>\u00abBarcelona tindr\u00e0 un greu problema d?oferta si no amplia el parc p\u00fablic d?habitatges destinats al lloguer\u00bb<\/em>. De fet, segons un estudi realitzat pel Club Immobiliari Esade i el professor Josep Oliver, <strong>Espanya t\u00e9 el parc d?habitatge social m\u00e9s baix d?Europa: els habitatges p\u00fablics representen 1,1% del parc residencial del pa\u00eds. <\/strong>A Holanda el 38%, al Regne Unit el 17,4% ia Fran\u00e7a el 14%.<\/p>","protected":false},"excerpt":{"rendered":"<p>Eduard Sol\u00e9, soci i director d&#039;operacions a Monapart, comparteix algunes de les nostres conclusions i propostes per a una legislaci\u00f3 amb molt de marge de millora.<\/p>","protected":false},"author":3,"featured_media":1093,"comment_status":"closed","ping_status":"closed","sticky":false,"template":"","format":"standard","meta":{"_acf_changed":false,"footnotes":""},"categories":[2852,2853],"tags":[3225,2905],"class_list":["post-1092","post","type-post","status-publish","format-standard","has-post-thumbnail","hentry","category-noticias","category-hablan-de-nosotros","tag-alquiler","tag-prensa"],"acf":[],"_links":{"self":[{"href":"https:\/\/www.monapart.com\/magazine\/ca\/wp-json\/wp\/v2\/posts\/1092","targetHints":{"allow":["GET"]}}],"collection":[{"href":"https:\/\/www.monapart.com\/magazine\/ca\/wp-json\/wp\/v2\/posts"}],"about":[{"href":"https:\/\/www.monapart.com\/magazine\/ca\/wp-json\/wp\/v2\/types\/post"}],"author":[{"embeddable":true,"href":"https:\/\/www.monapart.com\/magazine\/ca\/wp-json\/wp\/v2\/users\/3"}],"replies":[{"embeddable":true,"href":"https:\/\/www.monapart.com\/magazine\/ca\/wp-json\/wp\/v2\/comments?post=1092"}],"version-history":[{"count":2,"href":"https:\/\/www.monapart.com\/magazine\/ca\/wp-json\/wp\/v2\/posts\/1092\/revisions"}],"predecessor-version":[{"id":15959,"href":"https:\/\/www.monapart.com\/magazine\/ca\/wp-json\/wp\/v2\/posts\/1092\/revisions\/15959"}],"wp:featuredmedia":[{"embeddable":true,"href":"https:\/\/www.monapart.com\/magazine\/ca\/wp-json\/wp\/v2\/media\/1093"}],"wp:attachment":[{"href":"https:\/\/www.monapart.com\/magazine\/ca\/wp-json\/wp\/v2\/media?parent=1092"}],"wp:term":[{"taxonomy":"category","embeddable":true,"href":"https:\/\/www.monapart.com\/magazine\/ca\/wp-json\/wp\/v2\/categories?post=1092"},{"taxonomy":"post_tag","embeddable":true,"href":"https:\/\/www.monapart.com\/magazine\/ca\/wp-json\/wp\/v2\/tags?post=1092"}],"curies":[{"name":"wp","href":"https:\/\/api.w.org\/{rel}","templated":true}]}}