{"id":1086,"date":"2021-08-30T10:34:58","date_gmt":"2021-08-30T08:34:58","guid":{"rendered":"https:\/\/www.monapart.com\/magazine\/?p=1086"},"modified":"2025-06-23T13:58:47","modified_gmt":"2025-06-23T11:58:47","slug":"habitatges-per-jubilar-se-a-la-platja","status":"publish","type":"post","link":"https:\/\/www.monapart.com\/magazine\/ca\/consejo-inmobiliario\/viviendas-para-jubilarse-en-la-playa","title":{"rendered":"Els millors habitatges per jubilar-se a la platja. On s\u00f3n?"},"content":{"rendered":"<h1 class=\"wp-block-heading\">Els millors habitatges per jubilar-se a la platja. On s\u00f3n?<\/h1>\n\n\n\n<h2 class=\"wp-block-heading\">Retirar-se \u00e9s deixar enrere la feina, desconnectar, oblidar-se de la rutina, comen\u00e7ar la vida pl\u00e0cida del <em>vell savi<\/em> que aconsella i orienta la joventut. <\/h2>\n\n\n<div class='post-info'>30 d&#039;agost de 2021 per <a href='https:\/\/www.monapart.com\/magazine\/ca\/autor\/fabian-ostrovsky'>Fabi\u00e0 Ostrovsky<\/a><\/div>\n\n\n\n<figure class=\"wp-block-image\"><img decoding=\"async\" src=\"https:\/\/www.monapart.com\/sites\/default\/files\/styles\/scale_960xn_\/public\/mediabrowser\/00-viviendas-para-jubilarse-en-la-playa.png?itok=tQ6cDp_G\" alt=\"Els millors habitatges per jubilar-se a la platja. On s\u00f3n? | Monapart \" title=\"habitatges-per-jubilar-se-a-la-platja\"\/><\/figure>\n\n\n\n<p>El principal objectiu \u00e9s gaudir al m\u00e0xim el temps que ens queda. Ser\u00e0 aquesta una bona excusa per <a href=\"https:\/\/www.monapart.com\/es\/servicios\/vender\">vendre casa teva <\/a>i comprar o <a href=\"https:\/\/www.monapart.com\/es\/servicios\/alquilar\">llogar un habitatge<\/a> per jubilar-te a la platja?\u00a0<\/p>\n\n\n\n<h5 class=\"wp-block-heading has-medium-font-size\"><strong>On s\u00f3n els millors habitatges per jubilar-se a la platja?<\/strong><\/h5>\n\n\n\n<p>A Espanya, on les tapes estan en proc\u00e9s d&#039;esdevenir Patrimoni Cultural Immaterial de la Humanitat per la UNESCO, la saviesa \u00e9s la del gaudi, del bon menjar i el bon viure. Potser aquest \u00e9s l&#039;ensenyament que rebem dels nostres adults grans en jubilar-se. Decidim aprofundir en aquest interessant col\u00b7lectiu de retirats, ja que en certa manera ens anticipen i ensenyen sobre el nostre futur no tan lluny\u00e0.<\/p>\n\n\n\n<h5 class=\"wp-block-heading has-medium-font-size\"><a id=\"comunidad\"><\/a>La comunitat de jubilats es va duplicar<\/h5>\n\n\n\n<p>A Espanya, l&#039;edat mitjana de rec\u00e9s \u00e9s a prop dels 64 anys i s&#039;estima que <em>l&#039;esperan\u00e7a de vida<\/em> oscil\u00b7la entre els 80 i 82 anys. M\u00e9s o menys, dues d\u00e8cades. Les estad\u00edstiques mostren que, a m\u00e9s d&#039;augmentar l&#039;expectativa de vida del jubilat, en els darrers 30 anys la poblaci\u00f3 de grans adults tamb\u00e9 es va duplicar, passant de 5,25 milions el 1990 a 9.34 milions el 2020.<\/p>\n\n\n\n<figure class=\"wp-block-image\"><img decoding=\"async\" src=\"https:\/\/www.monapart.com\/sites\/default\/files\/styles\/scale_960xn_\/public\/mediabrowser\/01-viviendas-para-jubilarse-en-la-playa.png?itok=zwx5sS7k\" alt=\"Els millors habitatges per jubilar-se a la platja. On s\u00f3n? | Monapart \" title=\"habitatges-per-jubilar-se-a-la-platja\"\/><\/figure>\n\n\n\n<h5 class=\"wp-block-heading has-medium-font-size\"><strong>Any 1990<\/strong><\/h5>\n\n\n\n<figure class=\"wp-block-image\"><img decoding=\"async\" src=\"https:\/\/www.monapart.com\/sites\/default\/files\/styles\/scale_960xn_\/public\/mediabrowser\/02-viviendas-para-jubilarse-en-la-playa.png?itok=stoi0JSt\" alt=\"Els millors habitatges per jubilar-se a la platja. On s\u00f3n? | Monapart \" title=\"habitatges-per-jubilar-se-a-la-platja\"\/><\/figure>\n\n\n\n<h5 class=\"wp-block-heading has-medium-font-size\"><strong>Any 2020<\/strong><\/h5>\n\n\n\n<p>Aix\u00f2 vol dir que els nostres <em>majors <\/em>ja no estan sols. S\u00f3n una comunitat que t\u00e9 interessos, problemes i reptes propis. La creen\u00e7a popular diria que a aquesta edat la manca de responsabilitats fa que tot sigui <em>\u201ccolor de rosa\u201d<\/em>. Per\u00f2 conviure amb la manca de rutina i deixar de fer all\u00f2 que per tant de temps va donar sentit a les nostres vides pot resultar desafiant.<\/p>\n\n\n\n<p>Segons la <a href=\"https:\/\/www.apa.org\/centrodeapoyo\/prepararse\" target=\"_blank\" rel=\"noopener\">American Psychological Association<\/a>, hi ha sis grups de jubilats:<\/p>\n\n\n\n<ol class=\"wp-block-list\">\n<li><strong>Continuadors<\/strong>. Busquen continuar utilitzant les seves habilitats i coneixements mitjan\u00e7ant feines a temps parcial o voluntaris.<\/li>\n\n\n\n<li><strong>Aventurers<\/strong>. Comencen activitats o aprenen habilitats completament noves, no relacionades amb el treball anterior.<\/li>\n\n\n\n<li><strong>Cercadors<\/strong>. No decideixen la seva identitat abans de jubilar-se, sin\u00f3 que experimenten durant els primers anys i busquen activitats adequades als seus gustos i interessos.<\/li>\n\n\n\n<li><strong>Despreocupats<\/strong>. Gaudeixen de l&#039;abs\u00e8ncia de rutina i de l&#039;abund\u00e0ncia de temps lliure, deixant-se portar al seu dia a dia.<\/li>\n\n\n\n<li><strong>Espectadors involucrats<\/strong>. Mantenen un inter\u00e8s elevat al seu camp de treball anterior, per\u00f2 sense exercir un rol professional.<\/li>\n\n\n\n<li><strong>Retrets<\/strong>. No aconsegueixen trobar activitats acords als seus interessos i es donen per ven\u00e7uts, arribant fins i tot a caure en depressi\u00f3.<\/li>\n<\/ol>\n\n\n\n<p>Aleshores, excepte el grup dels retrets, queda clar que la resta es mant\u00e9 activa i amb ganes de fer coses. Aix\u00f2 \u00e9s molt bo, perqu\u00e8 la gran majoria \u00e9s conscient que la vida no s&#039;acaba amb la jubilaci\u00f3, de fet, segons com, comen\u00e7a! \u00c9s just amb la jubilaci\u00f3 on es comencen a prioritzar els interessos m\u00e9s personals sobre els fills o les responsabilitats laborals i on sovint comen\u00e7a la recerca d&#039;aquestes <strong>habitatges per jubilar-se a la platja<\/strong>.&nbsp;&nbsp;<\/p>\n\n\n\n<h5 class=\"wp-block-heading has-medium-font-size\"><a id=\"razones\"><\/a>Quines s\u00f3n les raons per jubilar-se en un habitatge a la platja?<\/h5>\n\n\n\n<p>Sembla una obvietat, per\u00f2 en general, all\u00f2 que s&#039;intenta trobar \u00e9s una millor qualitat de vida que a la ciutat. I especialment, si apuntes a un lloc petit. A determinada edat, es valora evitar el tr\u00e0nsit i les llargues dist\u00e0ncies. \u00c9s important tenir el mar a prop, gaudir de la calor i l&#039;aigua quan hi ha ganes de banyar-se. S&#039;intenta mantenir un ritme de vida molt m\u00e9s lent, compassat, sense pressions ni compromisos.<\/p>\n\n\n\n<p>Gaudir dels capvespres, fer una mica d&#039;exercici o fer llargues caminades a la sorra. Con\u00e8ixer gent nova, entretenir-se i en alguns casos abaixar les despeses i el cost de vida. En aquesta entrevista sobre <a href=\"https:\/\/youtu.be\/82Ab-OXi3FQ\" target=\"_blank\" rel=\"noopener\">Benidorm, el parad\u00eds de vacances per a jubilats i brit\u00e0nics<\/a>, del programa <a href=\"https:\/\/www.discoveryplus.es\/series\/tanto-por-ciento\" target=\"_blank\" rel=\"noopener\">Tant X Cent<\/a>, t&#039;ho posen ben clar:<\/p>\n\n\n\n<figure class=\"wp-block-embed is-type-video is-provider-youtube wp-block-embed-youtube wp-embed-aspect-16-9 wp-has-aspect-ratio\"><div class=\"wp-block-embed__wrapper\">\n<iframe loading=\"lazy\" title=\"Benidorm: el parad\u00eds de vacances per a jubilats i brit\u00e0nics | Tant X Cent\" width=\"500\" height=\"281\" src=\"https:\/\/www.youtube.com\/embed\/82Ab-OXi3FQ?feature=oembed\" frameborder=\"0\" allow=\"accelerometer; autoplay; clipboard-write; encrypted-media; gyroscope; picture-in-picture; web-share\" referrerpolicy=\"strict-origin-when-cross-origin\" allowfullscreen><\/iframe>\n<\/div><\/figure>\n\n\n\n<p>El di\u00e0leg va m\u00e9s o menys aix\u00ed:<\/p>\n\n\n\n<p><em>Periodista<\/em>: A qu\u00e8 juguen?&nbsp;<br><em>Jubilada<\/em>: Al Tute\u2026 i passar el mat\u00ed mill<br><em>Periodista<\/em>: Es van con\u00e8ixer totes tres a Benidorm?<br><em>Jubilada<\/em>: Aqu\u00ed, s\u00ed, s\u00ed. El millor d?Espanya. Aqu\u00ed nom\u00e9s hi ha alegria, jo no hi veig ni enterraments. Despr\u00e9s la vida est\u00e0 molt barata, per \u20ac1,20 et donen una cervesa amb una tapa de musclos. I despr\u00e9s a la tarda vas pel passeig, si \u00e9s que aqu\u00ed ens rejovenim!&nbsp;<\/p>\n\n\n\n<p>Si b\u00e9 aquest v\u00eddeo en particular fa esment a jubilats de vacances a Benidorm, l&#039;opini\u00f3 de la senyora ens d\u00f3na una idea per on van els trets: abaratiment del cost de la vida, alegria, entreteniment, noves amistats, activitats al sol, ritmes relaxats, partides de cartes, d\u00f2mino i zzz\u2026<\/p>\n\n\n\n<h5 class=\"wp-block-heading has-medium-font-size\"><a id=\"precios\"><\/a>Habitatges a la platja per jubilar-se: Qu\u00e8 \u00e9s el que es busca i com estan els preus?<\/h5>\n\n\n\n<p>Com ja comentem en aquest post sobre les <a href=\"https:\/\/www.monapart.com\/es\/magazine\/sector-inmobiliario\/ventajas-vivir-casa-jardin\">avantatges de viure en una casa amb jard\u00ed<\/a>, hi ha una tend\u00e8ncia a favor dels habitatges amb espais a l&#039;aire lliure. Es busquen terrasses, jardins i una bona orientaci\u00f3. Els efectes de la pand\u00e8mia van canviar les prefer\u00e8ncies d&#039;espai i ara, els habitatges de tres habitacions a la platja estan sent m\u00e9s demandats per la simple ra\u00f3 que s&#039;est\u00e0 buscant m\u00e9s extensi\u00f3 i superf\u00edcie.<\/p>\n\n\n\n<p>En aquest sentit, <a href=\"https:\/\/www.elmundo.es\/extras\/vivienda\/2021\/05\/25\/60ad1852fdddff9b5b8b4668.html\" target=\"_blank\" rel=\"noopener\">C\u00e9sar Sobrado<\/a>, responsable d&#039;Obra Nova de Gilmar a la Costa del Sol, explica el seg\u00fcent: <em>\u00abel comprador cerca llocs on pugui viure c\u00f2modament i passar moltes m\u00e9s hores dins de la comunitat que abans\u00bb<\/em>.<\/p>\n\n\n\n<figure class=\"wp-block-image\"><img decoding=\"async\" src=\"https:\/\/www.monapart.com\/sites\/default\/files\/styles\/scale_960xn_\/public\/mediabrowser\/03-viviendas-para-jubilarse-en-la-playa_0.jpg?itok=bZ0WAD52\" alt=\"Els millors habitatges per jubilar-se a la platja. On s\u00f3n? | Monapart \" title=\"habitatges-per-jubilar-se-a-la-platja\"\/><\/figure>\n\n\n\n<p>I el preu? Seguint les dades recollides en un estudi del Grup Tinsa sobre els preus d&#039;habitatge a la costa espanyola el 2020, es pot concloure que est\u00e0 congelat. Aquest&nbsp;<a href=\"https:\/\/revistapok.com\/2021-el-ano-en-el-que-el-precio-de-la-vivienda-volvera-a-caer-4.html\" target=\"_blank\" rel=\"noopener\">informe<\/a> afirma que <em>&quot;despr\u00e9s de quatre anys de creixement sostingut de l&#039;activitat del sector immobiliari a les costes espanyoles, la irrupci\u00f3 del Covid-19 ha suposat una paralitzaci\u00f3 sobtada i una elevada incertesa sobre el que oferir\u00e0 al mercat residencial del litoral espanyol&quot;<\/em>.<\/p>\n\n\n\n<p>En fi, no hi falten raons per flirtejar amb la idea d&#039;invertir en un habitatge per jubilar-se a la platja. Per\u00f2\u2026 on?<\/p>\n\n\n\n<h5 class=\"wp-block-heading has-medium-font-size\"><a id=\"ciudades\"><\/a>Quines s\u00f3n les millors ciutats per jubilar-se a Espanya?<\/h5>\n\n\n\n<p>La revista Forbes va triar <a href=\"https:\/\/www.laopiniondemalaga.es\/malaga\/2020\/11\/10\/malaga-elegida-forbes-mejores-ciudades-27372024.html\" target=\"_blank\" rel=\"noopener\">M\u00e0laga com una de les millors ciutats on viure i jubilar-se<\/a>. No nom\u00e9s per la platja i la sorra. L&#039;oferta cultural, gastron\u00f2mica i d&#039;entreteniment, juntament amb un sistema de salut solvent, situen la ciutat a la primera posici\u00f3 de la llista. El cost de vida \u00e9s relativament barat, la facilitat d&#039;acc\u00e9s i el baix nivell de criminalitat tamb\u00e9 ajuden a ser de les ciutats m\u00e9s desitjades.<\/p>\n\n\n\n<p>Despr\u00e9s, pots explorar altres llocs menys concorreguts a Andalusia com La Isleta del Moro o Tarifa, a Cadis. A la Costa Blanca o la Costa d&#039;Azahar tamb\u00e9 trobareu joies ocultes. A Cant\u00e0bria hi ha un mix de mar i muntanya, encara que els preus augmenten.<\/p>\n\n\n\n<figure class=\"wp-block-image\"><img decoding=\"async\" src=\"https:\/\/www.monapart.com\/sites\/default\/files\/styles\/scale_960xn_\/public\/mediabrowser\/05-viviendas-para-jubilarse-en-la-playa.jpg?itok=Yraj70JT\" alt=\"Els millors habitatges per jubilar-se a la platja. On s\u00f3n? | Monapart \" title=\"habitatges-per-jubilar-se-a-la-platja\"\/><\/figure>\n\n\n\n<h5 class=\"wp-block-heading has-medium-font-size\"><strong>La Illeta del Moro<\/strong><\/h5>\n\n\n\n<figure class=\"wp-block-image\"><img decoding=\"async\" src=\"https:\/\/www.monapart.com\/sites\/default\/files\/styles\/scale_960xn_\/public\/mediabrowser\/06-viviendas-para-jubilarse-en-la-playa.jpg?itok=z2qlzyFK\" alt=\"Els millors habitatges per jubilar-se a la platja. On s\u00f3n? | Monapart \" title=\"habitatges-per-jubilar-se-a-la-platja\"\/><\/figure>\n\n\n\n<h2 class=\"wp-block-heading has-medium-font-size\"><strong>Tarifa (Cadis)<\/strong><\/h2>\n\n\n\n<figure class=\"wp-block-image\"><img decoding=\"async\" src=\"https:\/\/www.monapart.com\/sites\/default\/files\/styles\/scale_960xn_\/public\/mediabrowser\/07-viviendas-para-jubilarse-en-la-playa.png?itok=tB-gyQUt\" alt=\"Els millors habitatges per jubilar-se a la platja. On s\u00f3n? | Monapart \" title=\"habitatges-per-jubilar-se-a-la-platja\"\/><\/figure>\n\n\n\n<h2 class=\"wp-block-heading has-medium-font-size\"><strong>Castro Urdiales<\/strong><\/h2>\n\n\n\n<p>Ja ho veus, Espanya ofereix un aproximat de 8.000 quil\u00f2metres de costa, les m\u00faltiples i acolorides possibilitats de trobar habitatges per jubilar-se a la platja i gaudir del retir. A Monapart som especialistes en <a href=\"https:\/\/www.monapart.com\/es\/servicios\/vender\">vendre cases al m\u00e0xim preu en el m\u00ednim temps<\/a>, ja sigui a la platja, a la muntanya oa la ciutat. Si necessites que t&#039;assessorem, posa&#039;t en contacte amb nosaltres i t&#039;ajudem a triar el millor lloc per a la teva jubilaci\u00f3.<\/p>","protected":false},"excerpt":{"rendered":"<p>A Espanya, on les tapes estan en proc\u00e9s d&#039;esdevenir Patrimoni Cultural Immaterial de la Humanitat per la UNESCO, la saviesa \u00e9s la del gaudi, del bon menjar i el bon viure. Potser aquest \u00e9s l&#039;ensenyament que rebem dels nostres adults grans en jubilar-se. Decidim aprofundir en aquest interessant col\u00b7lectiu de retirats, ja que en certa manera ens anticipen i ensenyen sobre el nostre futur no tan lluny\u00e0.<\/p>","protected":false},"author":23,"featured_media":1087,"comment_status":"closed","ping_status":"closed","sticky":false,"template":"","format":"standard","meta":{"_acf_changed":false,"footnotes":""},"categories":[3268],"tags":[2938],"class_list":["post-1086","post","type-post","status-publish","format-standard","has-post-thumbnail","hentry","category-consejo-inmobiliario","tag-compraventa"],"acf":[],"_links":{"self":[{"href":"https:\/\/www.monapart.com\/magazine\/ca\/wp-json\/wp\/v2\/posts\/1086","targetHints":{"allow":["GET"]}}],"collection":[{"href":"https:\/\/www.monapart.com\/magazine\/ca\/wp-json\/wp\/v2\/posts"}],"about":[{"href":"https:\/\/www.monapart.com\/magazine\/ca\/wp-json\/wp\/v2\/types\/post"}],"author":[{"embeddable":true,"href":"https:\/\/www.monapart.com\/magazine\/ca\/wp-json\/wp\/v2\/users\/23"}],"replies":[{"embeddable":true,"href":"https:\/\/www.monapart.com\/magazine\/ca\/wp-json\/wp\/v2\/comments?post=1086"}],"version-history":[{"count":3,"href":"https:\/\/www.monapart.com\/magazine\/ca\/wp-json\/wp\/v2\/posts\/1086\/revisions"}],"predecessor-version":[{"id":17218,"href":"https:\/\/www.monapart.com\/magazine\/ca\/wp-json\/wp\/v2\/posts\/1086\/revisions\/17218"}],"wp:featuredmedia":[{"embeddable":true,"href":"https:\/\/www.monapart.com\/magazine\/ca\/wp-json\/wp\/v2\/media\/1087"}],"wp:attachment":[{"href":"https:\/\/www.monapart.com\/magazine\/ca\/wp-json\/wp\/v2\/media?parent=1086"}],"wp:term":[{"taxonomy":"category","embeddable":true,"href":"https:\/\/www.monapart.com\/magazine\/ca\/wp-json\/wp\/v2\/categories?post=1086"},{"taxonomy":"post_tag","embeddable":true,"href":"https:\/\/www.monapart.com\/magazine\/ca\/wp-json\/wp\/v2\/tags?post=1086"}],"curies":[{"name":"wp","href":"https:\/\/api.w.org\/{rel}","templated":true}]}}