{"id":1080,"date":"2021-09-10T12:12:53","date_gmt":"2021-09-10T10:12:53","guid":{"rendered":"https:\/\/www.monapart.com\/magazine\/?p=1080"},"modified":"2025-06-20T12:53:47","modified_gmt":"2025-06-20T10:53:47","slug":"avantatges-viure-casa-jardi","status":"publish","type":"post","link":"https:\/\/www.monapart.com\/magazine\/ca\/hogar\/ventajas-vivir-casa-jardin","title":{"rendered":"Avantatges de viure en una casa amb jard\u00ed"},"content":{"rendered":"<h1 class=\"wp-block-heading\">Avantatges de viure en una casa amb jard\u00ed<\/h1>\n\n\n\n<h2 class=\"wp-block-heading\">Viure en contacte amb la natura, tenir un espai a prop on respirar aire fresc o sentir el sol a la cara \u00e9s una cosa que apreciem m\u00e9s, especialment per als que no el tenen tan a l&#039;abast de la m\u00e0.<\/h2>\n\n\n<div class='post-info'>10 de setembre de 2021 per <a href='https:\/\/www.monapart.com\/magazine\/ca\/autor\/monapart'>Monapart<\/a><\/div>\n\n\n\n<p>L&#039;experi\u00e8ncia del confinament ha estat tan dura que a molts encara ens genera certa ansietat la possibilitat d&#039;una nova tancada. <\/p>\n\n\n\n<p>Els avantatges de viure en una casa amb jard\u00ed, comptar amb un espai per a l&#039;entreteniment i el lleure indoors ha estat fins ara un plus, per\u00f2 avui \u00e9s un requisit (gaireb\u00e9) prioritari per a molts que estan en la situaci\u00f3 de <a href=\"https:\/\/www.monapart.com\/es\/servicios\/vender\">comprar<\/a> o <a href=\"https:\/\/www.monapart.com\/es\/servicios\/alquilar\">llogar<\/a> una casa a la ciutat.<\/p>\n\n\n\n<figure class=\"wp-block-image\"><img decoding=\"async\" src=\"https:\/\/www.monapart.com\/sites\/default\/files\/styles\/scale_960xn_\/public\/mediabrowser\/00-ventajas-vivir-casa-jardin.jpg?itok=E1Yi3poo\" alt=\"Avantatges de viure a una casa amb jard\u00ed | Monapart \" title=\"avantatges-viure-casa-jard\u00ed\"\/><\/figure>\n\n\n\n<h5 class=\"wp-block-heading has-medium-font-size\"><a id=\"factor\"><\/a>Del jard\u00ed com a lloc d&#039;esbarjo aristocr\u00e0tic a factor decisiu en la compra d&#039;una casa<\/h5>\n\n\n\n<p>Als seus inicis, la jardineria va ser desenvolupada per les classes acomodades per a l&#039;alegria i la distracci\u00f3. Les primeres evid\u00e8ncies que hi ha de jardins ornamentals s\u00f3n de l&#039;any 1500 aC a Egipte. Fins i tot a l&#039;Alcor\u00e0 ja figuren mencions dels jardins com una \u201crepresentaci\u00f3 terrenal del parad\u00eds\u201d per als creients de la fe musulmana.<\/p>\n\n\n\n<p>Saltant al segle XIX, en plena expansi\u00f3 industrial, la massiva migraci\u00f3 de treballadors del camp a la ciutat va generar un doble fenomen immobiliari: els infrahabitatges i els xalets. Molts treballadors vivien en condicions insalubres a la ciutat i la burgesia a xalets o ciutats jard\u00ed als afores.<\/p>\n\n\n\n<figure class=\"wp-block-image\"><img decoding=\"async\" src=\"https:\/\/www.monapart.com\/sites\/default\/files\/styles\/scale_960xn_\/public\/mediabrowser\/01-ventajas-vivir-casa-jardin.png?itok=VqcKwYNR\" alt=\"Avantatges de viure a una casa amb jard\u00ed | Monapart \" title=\"avantatges-viure-casa-jard\u00ed\"\/><\/figure>\n\n\n\n<p>Alguns historiadors consideren la Xarxa House de Philip Webb (1859) el primer disseny de casa moderna.<\/p>\n\n\n\n<p>Avui dia, els avantatges de viure a una casa amb jard\u00ed s\u00f3n molt m\u00e9s que gaudi i diversi\u00f3. De fet, la meitat dels habitatges d?obra nova que es van comprar durant el 2020 eren cases amb jard\u00ed o espais exteriors.<\/p>\n\n\n\n<p>Segons aquest informe <a href=\"https:\/\/www.aedashomes.com\/prensa\/perfil-comprador-vivienda-obra-nueva-2020\" target=\"_blank\" rel=\"noopener\">Perfil del Comprador d&#039;Habitatge d&#039;Obra Nova 2020<\/a> d&#039;AEDAS Homes,&nbsp;<\/p>\n\n\n\n<blockquote class=\"wp-block-quote is-layout-flow wp-block-quote-is-layout-flow\">\n<p><em>&quot;La pand\u00e8mia ha convertit l&#039;habitatge en prioritat n\u00famero u per a les fam\u00edlies i ha despertat noves prefer\u00e8ncies residencials entre els compradors, que ara busquen cases m\u00e9s \u00e0mplies, amb m\u00e9s estades i espais a l&#039;aire lliure on poder relaxar-se i desconnectar&quot;.<\/em><\/p>\n<\/blockquote>\n\n\n\n<p>El COVID-19 ha generat canvis radicals en el nostre comportament quotidi\u00e0. Si b\u00e9 fins fa poc era habitual sacrificar metres quadrats per estar al moll de la ciutat perqu\u00e8 existia un inter\u00e8s per estar a prop de pols culturals i dels llocs d&#039;esbarjo com a restaurants, places i parcs, la situaci\u00f3 ha canviat for\u00e7a i la prioritat \u2014la tend\u00e8ncia ho confirma\u2014 \u00e9s tenir amplitud d&#039;espai, estar a l&#039;aire lliure i en contacte amb la natura.<\/p>\n\n\n\n<figure class=\"wp-block-image\"><img decoding=\"async\" src=\"https:\/\/www.monapart.com\/sites\/default\/files\/styles\/scale_960xn_\/public\/mediabrowser\/02-ventajas-vivir-casa-jardin.png?itok=bLrju4ym\" alt=\"Avantatges de viure a una casa amb jard\u00ed | Monapart \" title=\"avantatges-viure-casa-jard\u00ed\"\/><\/figure>\n\n\n\n<h5 class=\"wp-block-heading has-medium-font-size\"><a id=\"por-que\"><\/a>Per qu\u00e8 volem viure ara en una casa amb jard\u00ed?<\/h5>\n\n\n\n<p><strong>Per por o per precauci\u00f3 a un possible nou confinament, el comprador d&#039;habitatge cerca ara m\u00e9s espai<\/strong>. Perqu\u00e8 el confinament ens va provocar, entre d&#039;altres: estr\u00e8s, preocupaci\u00f3, ansietat, insomni, avorriment\u2026 No volem tornar-hi a passar, aix\u00ed que ara, m\u00e9s que mai, valorem m\u00e9s l&#039;espai f\u00edsic davant del f\u00e0cil acc\u00e9s a una vida social activa.<\/p>\n\n\n\n<figure class=\"wp-block-image\"><img decoding=\"async\" src=\"https:\/\/www.monapart.com\/sites\/default\/files\/styles\/scale_960xn_\/public\/mediabrowser\/03-ventajas-vivir-casa-jardin.png?itok=p92pkthd\" alt=\"Avantatges de viure a una casa amb jard\u00ed | Monapart \" title=\"avantatges-viure-casa-jard\u00ed\"\/><\/figure>\n\n\n\n<p>Un bon exemple d&#039;aix\u00f2 van ser els nous usos i consums de l&#039;habitatge durant el confinament per satisfer les necessitats dels qui els habitaven i que vam recollir en aquesta enquesta <a href=\"https:\/\/www.monapart.com\/es\/magazine\/noticias\/tu-hogar-en-tiempos-de-confinamiento\">Com vius casa teva en temps de confinament?<\/a> juntament amb el Grup de recerca \u201cHabitar\u201d de la Universitat Polit\u00e8cnica de Catalunya a prop de 1.000 participants. Vam poder observar que el fet de <em>\u00abestar molt de temps a casa ha promogut una s\u00e8rie d&#039;actuacions que hackejen l&#039;habitatge\u00bb<\/em>.<\/p>\n\n\n\n<ul class=\"wp-block-list\">\n<li>Aix\u00ed, el 54,1% ha canviat la disposici\u00f3 de mobles per adaptar les estances a un \u00fas polivalent;\u00a0<\/li>\n\n\n\n<li>el 52,3% s&#039;ha desfet de coses o les ha apartat temporalment;\u00a0<\/li>\n\n\n\n<li>el 33,7% ha condicionat el balc\u00f3 per poder-hi passar m\u00e9s temps;\u00a0<\/li>\n\n\n\n<li>el 26.9% s&#039;ha constru\u00eft un espai de treball improvisat.<\/li>\n<\/ul>\n\n\n\n<p>En conclusi\u00f3, l&#039;experi\u00e8ncia de la tancada es podria presentar fins i tot com a \u201cenriquidora\u201d, ja que ens va mostrar la versatilitat d&#039;un immoble per suportar futures pand\u00e8mies i la creativitat dels seus habitants per crear espai on no n&#039;hi ha\u2026 Tot i que, \u00f2bviament, no volem tornar a passar.<\/p>\n\n\n\n<p>Avui volem la tranquil\u00b7litat i el benestar que genera tenir un lloc on poder estirar-nos, refrescar-nos, compartir moments familiars a l&#039;aire lliure, gaudint del sol, el vent i fins i tot la terra. Aix\u00ed \u00e9s important tenir un jard\u00ed a casa.<\/p>\n\n\n\n<h5 class=\"wp-block-heading has-medium-font-size\"><a id=\"pros-contras\"><\/a>Quins s\u00f3n els pros i els contres de comprar una casa amb jard\u00ed?<\/h5>\n\n\n\n<p>Queda clar aleshores el perqu\u00e8 del creixement i de la consolidaci\u00f3 de l&#039;inter\u00e8s per les cases amb jard\u00ed: el fantasma d&#039;una nova tancada i el mal record que va deixar el confinament a la majoria de nosaltres.&nbsp;<\/p>\n\n\n\n<p>\u00c9s cert que segons les \u00faltimes estad\u00edstiques, veient el nombre de contagis i defuncions al llarg de l&#039;any i mig passat, sembla poc probable que hi hagi una nova onada pand\u00e8mica que obligui a confinar-nos una altra vegada. Tornar a viure, treballar, educar-nos, entretenir-nos i exercitar-nos a casa sembla una cosa llunyana. Per\u00f2 tot i aix\u00ed, la pand\u00e8mia del Covid-19 \u00e9s imprevisible i ja ning\u00fa se&#039;n fia.<\/p>\n\n\n\n<figure class=\"wp-block-image\"><img decoding=\"async\" src=\"https:\/\/www.monapart.com\/sites\/default\/files\/styles\/scale_960xn_\/public\/mediabrowser\/04-ventajas-vivir-casa-jardin.png?itok=o9kOgdG2\" alt=\"Avantatges de viure a una casa amb jard\u00ed | Monapart \" title=\"avantatges-viure-casa-jard\u00ed\"\/><\/figure>\n\n\n\n<p>Per\u00f2... \u00c9s tot millor amb jard\u00ed? Quines s\u00f3n les contrapartides? Per ajudar-te a decidir si realment viure en una casa amb jard\u00ed s\u00f3n tot avantatges, hem preparat aquesta llista amb <strong>els PROS i CONTRES m\u00e9s rellevants dels habitatges amb jard\u00ed<\/strong>.&nbsp;<\/p>\n\n\n\n<figure class=\"wp-block-image\"><img decoding=\"async\" src=\"https:\/\/www.monapart.com\/sites\/default\/files\/styles\/scale_960xn_\/public\/mediabrowser\/05-ventajas-vivir-casa-jardin.png?itok=Q6dyQNO3\" alt=\"Avantatges de viure a una casa amb jard\u00ed | Monapart \" title=\"avantatges-viure-casa-jard\u00ed\"\/><\/figure>\n\n\n\n<h5 class=\"wp-block-heading has-medium-font-size\"><strong>PROS<\/strong><\/h5>\n\n\n\n<ol class=\"wp-block-list\">\n<li>Disminueix la temperatura de l\u00b4ambient.\u00a0<\/li>\n\n\n\n<li>Permet gaudir de tota la fam\u00edlia i dels amics.<\/li>\n\n\n\n<li>T&#039;atorga un espai per a activitats recreatives o esportives.\u00a0<\/li>\n\n\n\n<li>Afegeixen valor a la propietat.<\/li>\n\n\n\n<li>\u00c9s un espai de desconnexi\u00f3.<\/li>\n\n\n\n<li>Pots plantar el teu hort i menjar verdures org\u00e0niques.<\/li>\n\n\n\n<li>Tens lloc a l&#039;aire lliure perqu\u00e8 juguin els nens.\u00a0<\/li>\n\n\n\n<li>Ofereix espai extra per a les mascotes.<\/li>\n<\/ol>\n\n\n\n<figure class=\"wp-block-image\"><img decoding=\"async\" src=\"https:\/\/www.monapart.com\/sites\/default\/files\/styles\/scale_960xn_\/public\/mediabrowser\/06-ventajas-vivir-casa-jardin.png?itok=h3_wcmI4\" alt=\"Avantatges de viure a una casa amb jard\u00ed | Monapart \" title=\"avantatges-viure-casa-jard\u00ed\"\/><\/figure>\n\n\n\n<h5 class=\"wp-block-heading has-medium-font-size\"><strong>CONTRES<\/strong><\/h5>\n\n\n\n<ol class=\"wp-block-list\">\n<li>Poden ser cases m\u00e9s insegures.<\/li>\n\n\n\n<li>Dep\u00e8n de la distribuci\u00f3, poden atorgar menys privadesa.<\/li>\n\n\n\n<li>Necessiten manteniment.<\/li>\n\n\n\n<li>Menys silenci pel carrer i els ve\u00efns.<\/li>\n\n\n\n<li>S\u00f3n propietats m\u00e9s cares.<\/li>\n\n\n\n<li>Et pot tocar un ve\u00ed aficionat al golf que et trenqui els vidres un cop per setmana.<\/li>\n<\/ol>\n\n\n\n<h5 class=\"wp-block-heading has-medium-font-size\"><a id=\"bajos\"><\/a>Els baixos amb jard\u00ed a una ciutat, s\u00f3n una bona opci\u00f3?<\/h5>\n\n\n\n<p>\u00c9s una aposta que dependr\u00e0 molt de quin tipus de baix es tracti i de la comunitat on s&#039;ubiqui.<\/p>\n\n\n\n<ul class=\"wp-block-list\">\n<li>Si tens ve\u00efns a dalt (el m\u00e9s l\u00f2gic) patir\u00e0s amb les possibles burilles, papers, escombraries o les pinces d&#039;estendre la roba que caiguin.\u00a0\u00a0<\/li>\n\n\n\n<li>No ofereixen gaire intimitat, ja que els pisos superiors poden mirar el que estiguis fent sense gaire problema.<\/li>\n\n\n\n<li>Ser\u00e0 dif\u00edcil instal\u00b7lar una barbacoa, ja que sense una bona xemeneia el fum generar\u00e0 mol\u00e8sties.<\/li>\n\n\n\n<li>El mateix amb els sorolls, en cas de reunions.\u00a0<\/li>\n\n\n\n<li>Solen ser menys lluminosos.\u00a0<\/li>\n<\/ul>\n\n\n\n<p>Per\u00f2 en fi, que per a tot Yin, hi ha un Yang.<\/p>\n\n\n\n<ul class=\"wp-block-list\">\n<li>Un baix amb jard\u00ed \u00e9s un tipus dhabitatge que es caracteritza per ser de f\u00e0cil acc\u00e9s. Aconsellable per a persones amb mobilitat redu\u00efda o fam\u00edlies amb nens.\u00a0\u00a0<\/li>\n\n\n\n<li>Moltes vegades s\u00f3n m\u00e9s grans que la resta dels habitatges de la comunitat.\u00a0<\/li>\n\n\n\n<li>Per totes les contres que t\u00e9, compensa el preu: <strong>en general els baixos amb jard\u00ed s\u00f3n m\u00e9s barats<\/strong>.\u00a0<\/li>\n<\/ul>\n\n\n\n<p>A Monapart <a href=\"https:\/\/www.monapart.com\/es\/servicios\/vender\">venem<\/a> i <a href=\"https:\/\/www.monapart.com\/es\/servicios\/alquilar\">lloguem<\/a> baixos, mitjans i alts. Com hem detallat en aquest post, coneixem b\u00e9 els pros i els cons de viure a una casa amb jard\u00ed. Per\u00f2 el que ens treu el somni de nit i la gana de dia, \u00e9s poder vendre habitatges que siguin bonics i que facin feli\u00e7os els seus propietaris. Si \u00e9s el que est\u00e0s buscant i t&#039;animes, contacta&#039;ns i t&#039;ajudarem a trobar la teva nova casa amb jard\u00ed en qu\u00e8 trigues a dir \u00abflor\u00bb.<\/p>","protected":false},"excerpt":{"rendered":"<p>Viure en contacte amb la natura, tenir un espai a prop on respirar aire fresc o sentir el sol a la cara \u00e9s una cosa que apreciem m\u00e9s, especialment per als que no el tenen tan a l&#039;abast de la m\u00e0.<\/p>","protected":false},"author":3,"featured_media":1081,"comment_status":"closed","ping_status":"closed","sticky":false,"template":"","format":"standard","meta":{"_acf_changed":false,"footnotes":""},"categories":[2844,2846],"tags":[3247],"class_list":["post-1080","post","type-post","status-publish","format-standard","has-post-thumbnail","hentry","category-hogar","category-espacios-y-vida","tag-flores-y-plantas"],"acf":[],"_links":{"self":[{"href":"https:\/\/www.monapart.com\/magazine\/ca\/wp-json\/wp\/v2\/posts\/1080","targetHints":{"allow":["GET"]}}],"collection":[{"href":"https:\/\/www.monapart.com\/magazine\/ca\/wp-json\/wp\/v2\/posts"}],"about":[{"href":"https:\/\/www.monapart.com\/magazine\/ca\/wp-json\/wp\/v2\/types\/post"}],"author":[{"embeddable":true,"href":"https:\/\/www.monapart.com\/magazine\/ca\/wp-json\/wp\/v2\/users\/3"}],"replies":[{"embeddable":true,"href":"https:\/\/www.monapart.com\/magazine\/ca\/wp-json\/wp\/v2\/comments?post=1080"}],"version-history":[{"count":2,"href":"https:\/\/www.monapart.com\/magazine\/ca\/wp-json\/wp\/v2\/posts\/1080\/revisions"}],"predecessor-version":[{"id":15967,"href":"https:\/\/www.monapart.com\/magazine\/ca\/wp-json\/wp\/v2\/posts\/1080\/revisions\/15967"}],"wp:featuredmedia":[{"embeddable":true,"href":"https:\/\/www.monapart.com\/magazine\/ca\/wp-json\/wp\/v2\/media\/1081"}],"wp:attachment":[{"href":"https:\/\/www.monapart.com\/magazine\/ca\/wp-json\/wp\/v2\/media?parent=1080"}],"wp:term":[{"taxonomy":"category","embeddable":true,"href":"https:\/\/www.monapart.com\/magazine\/ca\/wp-json\/wp\/v2\/categories?post=1080"},{"taxonomy":"post_tag","embeddable":true,"href":"https:\/\/www.monapart.com\/magazine\/ca\/wp-json\/wp\/v2\/tags?post=1080"}],"curies":[{"name":"wp","href":"https:\/\/api.w.org\/{rel}","templated":true}]}}