{"id":1064,"date":"2021-06-30T10:44:30","date_gmt":"2021-06-30T08:44:30","guid":{"rendered":"https:\/\/www.monapart.com\/magazine\/?p=1064"},"modified":"2025-09-30T17:27:20","modified_gmt":"2025-09-30T15:27:20","slug":"pisos-minimalistes-pisos-moderns","status":"publish","type":"post","link":"https:\/\/www.monapart.com\/magazine\/ca\/hogar\/pisos-minimalistas-pisos-modernos","title":{"rendered":"Pisos minimalistes i pisos moderns, s\u00f3n el mateix?"},"content":{"rendered":"<h1 class=\"wp-block-heading\">Pisos minimalistes i pisos moderns, s\u00f3n el mateix?<\/h1>\n\n\n\n<h2 class=\"wp-block-heading\">Descobreix de qu\u00e8 es tracta i tria la teva futura llar, pisos minimalistes o pisos moderns?<\/h2>\n\n\n<div class='post-info'>30 de juny de 2021 per <a href='https:\/\/www.monapart.com\/magazine\/ca\/autor\/monapart'>Monapart<\/a><\/div>\n\n\n\n<p>S\u00f3n diferents maneres de concebre la composici\u00f3 i les funcionalitats de certs habitatges actualment. El minimalisme, un moviment sorgit al m\u00f3n de les arts visuals a la d\u00e8cada del 60, trasllada a l&#039;arquitectura d&#039;un pis la filosofia del less is more. El modernisme busca una ruptura amb all\u00f2 tradicional, aplicant les tend\u00e8ncies del moment quant a materials i formes. Descobreix de qu\u00e8 es tracta i <a href=\"https:\/\/www.monapart.com\/es\/servicios\/vender\">tria la teva futura llar<\/a>, pisos minimalistes o pisos moderns?<\/p>\n\n\n\n<p>L&#039;aplicaci\u00f3 d&#039;aquest pensament o concepci\u00f3 arquitect\u00f2nica t\u00e9 l&#039;origen al m\u00f3n de les arts. \u00c9s m\u00e9s, els pisos minimalistes i els pisos moderns estan units en aquest punt. Al comen\u00e7ament del segle XX els corrents art\u00edstics avantguardistes volien trencar amb all\u00f2 establert al m\u00f3n de la pintura i l&#039;escultura. Van sorgir diferents escoles amb aquesta inquietud, figurant el minimalisme en el topo de la llista quant al reduccionisme en la composici\u00f3.<\/p>\n\n\n\n<p>El primer exponent va ser el pintor rus <a href=\"https:\/\/es.wikipedia.org\/wiki\/Kazimir_Mal%C3%A9vich\" target=\"_blank\" rel=\"noopener\">Kasimir Malevich<\/a>, que sembla que un dia es va despertar mig creuat i va dir\u2026 \u201cVinga, jo pinto un cercle i un rectangle negre en un fons gris, a veure si comen\u00e7o un moviment art\u00edstic revolucionari\u201d\u2026<\/p>\n\n\n\n<p>I aqu\u00ed ho tens.<\/p>\n\n\n\n<figure class=\"wp-block-image\"><img decoding=\"async\" src=\"https:\/\/www.monapart.com\/sites\/default\/files\/styles\/scale_960xn_\/public\/mediabrowser\/03-pisos-minimalistas-pisos-modernos.jpg?itok=42yEGxXd\" alt=\"Pisos minimalistes i pisos moderns, s\u00f3n el mateix? | Monapart \" title=\"pisos-minimalistes-pisos-moderns\"\/><\/figure>\n\n\n\n<p>Va trencar el gel. D&#039;aqu\u00ed fins <a href=\"https:\/\/konmari.com\/\" target=\"_blank\" rel=\"noopener\">Marie Kondo<\/a> van passar uns quants anys, \u00e9s clar. Per\u00f2, en ess\u00e8ncia, el contingut \u00e9s molt similar. Aquesta constant necessitat de canvi i evoluci\u00f3 en l&#039;\u00e9sser hum\u00e0 va ser manifestada a trav\u00e9s de l&#039;art que va exposar el cansament pel barroc i l&#039;exc\u00e9s a l&#039;ornamentaci\u00f3. Per entendre&#039;ns estaven farts de la rimbomb\u00e0ncia i el <em>brilli brilli<\/em>.<\/p>\n\n\n\n<h5 class=\"wp-block-heading has-medium-font-size\"><strong>Qu\u00e8 van decidir fer?<\/strong><\/h5>\n\n\n\n<ul class=\"wp-block-list\">\n<li>Usar vores dures, formes simplificades i figures geom\u00e8triques en superf\u00edcies planes.\u00a0<\/li>\n\n\n\n<li>Mantenir els contorns esmolats i definits.\u00a0<\/li>\n\n\n\n<li>Donar brillantor i llum en \u00e0mplies \u00e0rees de la producci\u00f3.\u00a0<\/li>\n\n\n\n<li>Aplicar colors neutres i del contrast de blanc sobre negre com a element principal caracter\u00edstic.\u00a0<\/li>\n<\/ul>\n\n\n\n<figure class=\"wp-block-image\"><img decoding=\"async\" src=\"https:\/\/www.monapart.com\/sites\/default\/files\/styles\/scale_960xn_\/public\/mediabrowser\/04-pisos-minimalistas-pisos-modernos.jpg?itok=RyKGsNoW\" alt=\"Pisos minimalistes i pisos moderns, s\u00f3n el mateix? | Monapart \" title=\"pisos-minimalistes-pisos-moderns\"\/><\/figure>\n\n\n\n<p>A l&#039;art, per <a href=\"https:\/\/www.tate.org.uk\/art\/art-terms\/m\/minimalism\" target=\"_blank\" rel=\"noopener\">Rober Morris<\/a>.<\/p>\n\n\n\n<figure class=\"wp-block-image\"><img decoding=\"async\" src=\"https:\/\/www.monapart.com\/sites\/default\/files\/styles\/scale_960xn_\/public\/mediabrowser\/05-pisos-minimalistas-pisos-modernos.jpg?itok=nUCmed-w\" alt=\"Pisos minimalistes i pisos moderns, s\u00f3n el mateix? | Monapart \" title=\"pisos-minimalistes-pisos-moderns\"\/><\/figure>\n\n\n\n<p>A Formentera, per <a href=\"https:\/\/www.youtube.com\/watch?v=aEfd7fO7e8I\" target=\"_blank\" rel=\"noopener\">Maria Castell\u00f3<\/a>.<\/p>\n\n\n\n<p>Ja veus com l&#039;art lent, per\u00f2 amb fermesa, va anar entrant a la nostra vida di\u00e0ria creant pisos futuristes, com a Formentera. A primera vista podem dir tamb\u00e9 que, a m\u00e9s de minimalista, aquest pis \u00e9s molt modern, oi? Fins i tot al\u00b7legar que <strong>no hi ha gran difer\u00e8ncia entre els pisos minimalistes i pisos moderns<\/strong>. Per\u00f2 s\u00ed, s\u00ed que n&#039;hi ha\u2026 i molt m\u00e9s profunda de la que imagines.<\/p>\n\n\n\n<h5 class=\"wp-block-heading has-medium-font-size\"><a id=\"diferencias\"><\/a>Quines s\u00f3n les difer\u00e8ncies entre un pis minimalista i un pis modern?<\/h5>\n\n\n\n<p>Per posar-ho f\u00e0cil, direm que un <strong>pis modern<\/strong> \u00e9s aquell el disseny del qual posseeix:<\/p>\n\n\n\n<ul class=\"wp-block-list\">\n<li>Una composici\u00f3 horitzontal amb grans espais oberts, no gaire sobrecarregat.\u00a0<\/li>\n\n\n\n<li>L\u00ednies geom\u00e8triques definides, formes simples.<\/li>\n\n\n\n<li>Mobles baixos i sobris.<\/li>\n\n\n\n<li>Molta llum interior.\u00a0<\/li>\n<\/ul>\n\n\n\n<p><strong>Atenci\u00f3:<\/strong> la seva contrapart no \u00e9s el minimalisme, sin\u00f3 que s\u00f3n les cases tradicionals. Els pisos minimalistes i els pisos moderns pertanyen a una mateixa fam\u00edlia.<\/p>\n\n\n\n<p>Un <strong>pis minimalista<\/strong> pot ser tot aix\u00f2, <em>i en conseq\u00fc\u00e8ncia modern<\/em>, per\u00f2 distingir-se per la <strong><em>filosofia minimalista<\/em><\/strong> que ho defineix:<\/p>\n\n\n\n<figure class=\"wp-block-image\"><img decoding=\"async\" src=\"https:\/\/www.monapart.com\/sites\/default\/files\/styles\/scale_960xn_\/public\/mediabrowser\/06-pisos-minimalistas-pisos-modernos.jpg?itok=DjJOi7V1\" alt=\"Pisos minimalistes i pisos moderns, s\u00f3n el mateix? | Monapart \" title=\"pisos-minimalistes-pisos-moderns\"\/><\/figure>\n\n\n\n<p>Prioritat per lespai.<\/p>\n\n\n\n<figure class=\"wp-block-image\"><img decoding=\"async\" src=\"https:\/\/www.monapart.com\/sites\/default\/files\/styles\/scale_960xn_\/public\/mediabrowser\/07-pisos-minimalistas-pisos-modernos.jpg?itok=-BwqvUzZ\" alt=\"Pisos minimalistes i pisos moderns, s\u00f3n el mateix? | Monapart \" title=\"pisos-minimalistes-pisos-moderns\"\/><\/figure>\n\n\n\n<p>Mantenir materials crus i locals.<\/p>\n\n\n\n<figure class=\"wp-block-image\"><img decoding=\"async\" src=\"https:\/\/www.monapart.com\/sites\/default\/files\/styles\/scale_960xn_\/public\/mediabrowser\/09-pisos-minimalistas-pisos-modernos.jpg?itok=TFhhesUm\" alt=\"Pisos minimalistes i pisos moderns, s\u00f3n el mateix? | Monapart \" title=\"pisos-minimalistes-pisos-moderns\"\/><\/figure>\n\n\n\n<p>Tenir cura de les escales i les formes.<\/p>\n\n\n\n<figure class=\"wp-block-image\"><img decoding=\"async\" src=\"https:\/\/www.monapart.com\/sites\/default\/files\/styles\/scale_960xn_\/public\/mediabrowser\/08-pisos-minimalistas-pisos-modernos.jpg?itok=93KlMLfJ\" alt=\"Pisos minimalistes i pisos moderns, s\u00f3n el mateix? | Monapart \" title=\"pisos-minimalistes-pisos-moderns\"\/><\/figure>\n\n\n\n<p>Connexi\u00f3 amb els elements naturals.<\/p>\n\n\n\n<h5 class=\"wp-block-heading has-medium-font-size\"><a id=\"menos-es-mas\"><\/a>Per qu\u00e8 diem que als pisos minimalistes <em>menys \u00e9s m\u00e9s<\/em>?<\/h5>\n\n\n\n<p>M\u00e9s enll\u00e0 de l&#039;origen art\u00edstic d&#039;aquest corrent, el que el fa perdurable en el temps \u00e9s la forma de vida que representa. Aquesta <em>filosofia <\/em>de qu\u00e8 parl\u00e0vem. Viure amb menys quantitat de possessions materials implica poder enfocar-se en aquelles coses <em>immaterials <\/em>que importen: les relacions, les nostres passions i la cura d&#039;un mateix. M\u00e9s temps per meditar, viatjar, per educar-se, descansar o entretenir-se.&nbsp;<\/p>\n\n\n\n<p>Es tracta de treure tot l&#039;exc\u00e9s per enfocar-se a all\u00f2 essencial que d\u00f3na satisfacci\u00f3 a llarg termini i obrir l&#039;espai. En treure tot aquest soroll de l&#039;ambient, qu\u00e8 ens en queda?<\/p>\n\n\n\n<figure class=\"wp-block-image\"><img decoding=\"async\" src=\"https:\/\/www.monapart.com\/sites\/default\/files\/styles\/scale_960xn_\/public\/mediabrowser\/10-pisos-minimalistas-pisos-modernos.jpg?itok=pSIW-Xji\" alt=\"Pisos minimalistes i pisos moderns, s\u00f3n el mateix? | Monapart \" title=\"pisos-minimalistes-pisos-moderns\"\/><\/figure>\n\n\n\n<figure class=\"wp-block-image\"><img decoding=\"async\" src=\"https:\/\/www.monapart.com\/sites\/default\/files\/styles\/scale_960xn_\/public\/mediabrowser\/11-pisos-minimalistas-pisos-modernos.jpg?itok=4n61Scoa\" alt=\"Pisos minimalistes i pisos moderns, s\u00f3n el mateix? | Monapart \" title=\"pisos-minimalistes-pisos-moderns\"\/><\/figure>\n\n\n\n<p>Superf\u00edcies \u00e0mplies, netes i fresques\u2026&nbsp;<\/p>\n\n\n\n<p>Conversant amb <a href=\"https:\/\/www.linkedin.com\/in\/tinixaragonzalez\/\" target=\"_blank\" rel=\"noopener\">Tinixara Gonz\u00e1lez<\/a>, Home Stager i Dissenyadora d&#039;interiors sobre les difer\u00e8ncies entre pisos minimalistes i pisos moderns, ens explica que:<\/p>\n\n\n\n<p><em>&quot;No s\u00f3n el mateix pisos minimalistes i pisos moderns. La gent sol confondre els termes perqu\u00e8 recordem el t\u00edpic minimalisme on la casa sembla un museu i tot el mobiliari \u00e9s for\u00e7a actual amb l\u00ednies molt modernes. Avui dia el minimalisme ha passat a un altre nivell, fins i tot filos\u00f2fic, no nom\u00e9s pel que fa a la decoraci\u00f3 sin\u00f3 en la forma de vida.&quot;<\/em><\/p>\n\n\n\n<h5 class=\"wp-block-heading has-medium-font-size\"><strong>I per qu\u00e8 <em>\u201cmenys \u00e9s m\u00e9s\u201d<\/em>?&nbsp;<\/strong><\/h5>\n\n\n\n<p><em>\u201cTots coneixem la frase <strong>\u00abmenys \u00e9s m\u00e9s\u00bb<\/strong>. Aquesta \u00e9s la clau del minimalisme, viure amb all\u00f2 necessari. Per aix\u00f2, avui dia, aix\u00f2 s&#039;est\u00e0 traduint en espais amb un aspecte m\u00e9s natural, org\u00e0nic per\u00f2 simple, nom\u00e9s amb el que necessites. No tants elements decoratius ni objectes innecessaris, sin\u00f3 materials naturals, llum, cer\u00e0miques, vegetaci\u00f3 i la sensaci\u00f3 de tornar als nostres or\u00edgens per\u00f2 amb una l\u00ednia de sofisticaci\u00f3. En canvi, el modern no ha de ser minimalista, es busca l\u00ednies netes i actuals, jugar amb la llum tamb\u00e9 per\u00f2 d&#039;una manera m\u00e9s pensada, m\u00e9s lineal i amb materials de moda\u201d.<\/em><\/p>\n\n\n\n<h5 class=\"wp-block-heading has-medium-font-size\"><a id=\"recomendaciones\"><\/a>7 recomanacions per tenir un pis modern<\/h5>\n\n\n\n<p>Per acabar, els consells. Si el que \u00e9s teu \u00e9s m\u00e9s est\u00e8tic que filos\u00f2fic, amb aquests tipus pots reorientar la concepci\u00f3 del teu pis o definir l&#039;elecci\u00f3 si est\u00e0s buscant un pis modern on viure.&nbsp;&nbsp;<\/p>\n\n\n\n<ol class=\"wp-block-list\">\n<li><strong>Elimina l&#039;ornament innecessari<\/strong>. Pensa que el que busques s\u00f3n escenaris nets i senzills. Si no suma, resta.<\/li>\n\n\n\n<li><strong>Opta per l\u00ednies verticals, horitzontals i de formes rectangulars<\/strong>. Pl\u00e0nols definits i formes verticals-horitzontals contrastats.\u00a0<\/li>\n\n\n\n<li><strong>Usa materials moderns<\/strong>. Per exemple, columnes d&#039;acer i ciment exposat i tenyits o espais oberts sense columnes.\u00a0\u00a0<\/li>\n\n\n\n<li><strong>Mantingues l&#039;honestedat dels materials<\/strong>. Intenta ressaltar l&#039;aspecte natural dels materials, per exemple, tenyeix la fusta en comptes de pintar-la.\u00a0<\/li>\n\n\n\n<li><strong>Genera major promin\u00e8ncia a espais interiors oberts i fluids<\/strong>. Unifica espais com ara el menjador, la cuina i la sala i aconseguir\u00e0s sensaci\u00f3 d&#039;amplitud i continu\u00eftat.\u00a0<\/li>\n\n\n\n<li><strong>Fes servir la llum natural i el vidre<\/strong>. Utilitzat en grans proporcions, el vidre aprofita el paisatge natural i les vistes i ajuda a confluir interior i exterior.\u00a0<\/li>\n\n\n\n<li><strong>Aprofita certes obertures per afavorir la llum natural<\/strong>. Els espais brillen per si sols quan s\u00f3n tocats per la llum natural, que treu el millor de qualsevol material i superf\u00edcie.<\/li>\n<\/ol>\n\n\n\n<p>Vist el que hem vist, entre un pis minimalista i un pis modern, amb quin et quedes?<\/p>\n\n\n\n<p>A Monapart <a href=\"https:\/\/www.monapart.com\/es\/servicios\/vender\">venem<\/a> i <a href=\"https:\/\/www.monapart.com\/es\/servicios\/alquilar\">lloguem<\/a> habitatges bonics, molts d&#039;ells moderns i d&#039;altres minimalistes. Si casa teva t\u00e9 vores dures, l\u00ednies geom\u00e8triques ben definides i molta llum, ets al lloc indicat.<\/p>","protected":false},"excerpt":{"rendered":"<p>Descobreix de qu\u00e8 es tracta i tria la teva futura llar, pisos minimalistes o pisos moderns?<\/p>","protected":false},"author":3,"featured_media":1065,"comment_status":"closed","ping_status":"closed","sticky":false,"template":"","format":"standard","meta":{"_acf_changed":false,"footnotes":""},"categories":[2844,2846],"tags":[2884,2871],"class_list":["post-1064","post","type-post","status-publish","format-standard","has-post-thumbnail","hentry","category-hogar","category-espacios-y-vida","tag-especiesdeespacios","tag-interiorismo"],"acf":[],"_links":{"self":[{"href":"https:\/\/www.monapart.com\/magazine\/ca\/wp-json\/wp\/v2\/posts\/1064","targetHints":{"allow":["GET"]}}],"collection":[{"href":"https:\/\/www.monapart.com\/magazine\/ca\/wp-json\/wp\/v2\/posts"}],"about":[{"href":"https:\/\/www.monapart.com\/magazine\/ca\/wp-json\/wp\/v2\/types\/post"}],"author":[{"embeddable":true,"href":"https:\/\/www.monapart.com\/magazine\/ca\/wp-json\/wp\/v2\/users\/3"}],"replies":[{"embeddable":true,"href":"https:\/\/www.monapart.com\/magazine\/ca\/wp-json\/wp\/v2\/comments?post=1064"}],"version-history":[{"count":5,"href":"https:\/\/www.monapart.com\/magazine\/ca\/wp-json\/wp\/v2\/posts\/1064\/revisions"}],"predecessor-version":[{"id":19455,"href":"https:\/\/www.monapart.com\/magazine\/ca\/wp-json\/wp\/v2\/posts\/1064\/revisions\/19455"}],"wp:featuredmedia":[{"embeddable":true,"href":"https:\/\/www.monapart.com\/magazine\/ca\/wp-json\/wp\/v2\/media\/1065"}],"wp:attachment":[{"href":"https:\/\/www.monapart.com\/magazine\/ca\/wp-json\/wp\/v2\/media?parent=1064"}],"wp:term":[{"taxonomy":"category","embeddable":true,"href":"https:\/\/www.monapart.com\/magazine\/ca\/wp-json\/wp\/v2\/categories?post=1064"},{"taxonomy":"post_tag","embeddable":true,"href":"https:\/\/www.monapart.com\/magazine\/ca\/wp-json\/wp\/v2\/tags?post=1064"}],"curies":[{"name":"wp","href":"https:\/\/api.w.org\/{rel}","templated":true}]}}