{"id":1056,"date":"2021-06-10T12:10:12","date_gmt":"2021-06-10T10:10:12","guid":{"rendered":"https:\/\/www.monapart.com\/magazine\/?p=1056"},"modified":"2025-06-23T13:59:13","modified_gmt":"2025-06-23T11:59:13","slug":"lloguer-amb-opcio-compra","status":"publish","type":"post","link":"https:\/\/www.monapart.com\/magazine\/ca\/consejo-inmobiliario\/alquiler-con-opcion-compra","title":{"rendered":"El contracte de lloguer amb opci\u00f3 de compra: caracter\u00edstiques i avantatges"},"content":{"rendered":"<h1 class=\"wp-block-heading\">El contracte de lloguer amb opci\u00f3 de compra: caracter\u00edstiques i avantatges<\/h1>\n\n\n\n<h2 class=\"wp-block-heading\">T&#039;expliquem en detall de qu\u00e8 es tracta i perqu\u00e8 el lloguer amb opci\u00f3 de compra pot ser una elecci\u00f3 excel\u00b7lent a l&#039;hora de vendre o comprar una propietat.<\/h2>\n\n\n<div class='post-info'>10 de juny de 2021 per <a href='https:\/\/www.monapart.com\/magazine\/ca\/autor\/eduard-sole'>Eduard Sol\u00e9<\/a><\/div>\n\n\n\n<p>El contracte de <a href=\"https:\/\/www.monapart.com\/es\/servicios\/alquilar\">lloguer d\u00b4un pis<\/a>\u00a0amb opci\u00f3 a compra \u00e9s el \u201craret\u201d de la ind\u00fastria. Un contracte poc conegut i dels que es miren amb desconfian\u00e7a. Un que en \u00e8poques de crisi sempre va ressorgir com a alternativa v\u00e0lida pels seus beneficis amplis. <\/p>\n\n\n\n<h5 class=\"wp-block-heading has-medium-font-size\"><a id=\"que-es\"><\/a>Qu\u00e8 \u00e9s el contracte de lloguer amb opci\u00f3 de compra? I per qu\u00e8 interessa pactar aquest tipus de contractaci\u00f3?&nbsp;<\/h5>\n\n\n\n<p>\u00c9s un h\u00edbrid, aix\u00f2 per comen\u00e7ar. <strong>el contracte de lloguer amb opci\u00f3 de compra \u00e9s un contracte mixt, compost per dos subcontractes ja coneguts: el de lloguer i el de compravenda.<\/strong><\/p>\n\n\n\n<p>T\u00e9 dues caracter\u00edstiques principals:<\/p>\n\n\n\n<ol class=\"wp-block-list\">\n<li><strong>\u00c9s un contracte d&#039;execuci\u00f3 en etapes:<\/strong>\u00c9s a dir, en una etapa inicial, s&#039;executar\u00e0 com a contracte de lloguer com\u00fa i corrent. L&#039;arrendador tindr\u00e0 dret a viure a l&#039;habitatge per temps determinat, complint amb el pagament mensual de lloguer. Fins aqu\u00ed\u2026 tot normal. Aix\u00f2 s\u00ed, al preu \u2013que va quedar fixat al comen\u00e7ament de la contractaci\u00f3\u2013 se li descomptar\u00e0, totalment o parcialment, la suma acumulada d&#039;aquestes mensualitats.\u00a0<br>\u00a0<\/li>\n\n\n\n<li><strong>\u00c9s un contracte at\u00edpic:<\/strong>No est\u00e0 contemplat per una llei espec\u00edfica, ni ho cont\u00e9 el Codi Civil, encara que s\u00ed que est\u00e0 acceptat i reconegut al Reglament Hipotecari i, en termes generals, est\u00e0 regulat per la Llei d&#039;Arrendaments Urbans (LAU). Segons el Tribunal Suprem, \u00e9s un <em>\u201cun precontracte\u201d<\/em> on una de les parts <em>&quot;concedeix a l&#039;altra la facultat exclusiva de decidir sobre la celebraci\u00f3 o no del contracte principal de compravenda&quot;<\/em>, d&#039;acord a terminis i condicions que veurem m\u00e9s avall. Qu\u00e8 vol dir aix\u00f2? Que les parts tenen certa llibertat per pactar les cl\u00e0usules que el componen. Dic <em>\u201ccerta\u201d<\/em>, perqu\u00e8 l\u00f2gicament s&#039;hauran de seguir els principis generals del dret, com tamb\u00e9 respectar els elements t\u00edpics del contracte de compravenda i de lloguer. No es pot pactar qualsevol cosa. Al moment de constituir aquest tipus d&#039;acord, us recomanem buscar assessorament especialitzat, ja que en definir les conseq\u00fc\u00e8ncies jur\u00eddiques i fiscals relacionades amb els terminis, el preu de venda, la prima o fian\u00e7a i la garantia pots sortir perdent.\u00a0<\/li>\n<\/ol>\n\n\n\n<figure class=\"wp-block-image\"><img decoding=\"async\" src=\"https:\/\/www.monapart.com\/sites\/default\/files\/mediabrowser\/01-alquiler-opcion-compra.gif?itok=VCbTA8yj\" alt=\"El contracte de lloguer amb opci\u00f3 de compra: caracter\u00edstiques i avantatges | Monapart \" title=\"lloguer-opcio-compra\"\/><\/figure>\n\n\n\n<p>Aleshores per qu\u00e8 arriscar-se?<\/p>\n\n\n\n<p><strong>Calma Barak, segueix llegint\u2026 Hi ha avantatges i inconvenients, per\u00f2 ja ho veur\u00e0s, \u00e9s un contracte molt \u00fatil.<\/strong><\/p>\n\n\n\n<p>La Revista Europea de Direcci\u00f3 i Economia de l&#039;Empresa va fer una an\u00e0lisi aguda del tema resumint els avantatges i inconvenients d&#039;aquest tipus d&#039;acord.&nbsp;<\/p>\n\n\n\n<p>Sintetitzant all\u00f2 que s&#039;ha exposat, podem dir:<\/p>\n\n\n\n<p>\u2705 <strong>Benef\u00edcia a l&#039;arrendatari-comprador<\/strong>. Aquest assegura la propietat, ja que t\u00e9 exclusivitat sobre la compra mentre duri el contracte. A m\u00e9s, si executeu l&#039;opci\u00f3 de compra, manteniu el preu fixat en constituir l&#039;acord i eviteu \u201cperdre els lloguers\u201d que es descompten del preu.<\/p>\n\n\n\n<p>\u274c El perjudica que si no fa \u00fas de l&#039;opci\u00f3 de compra, \u201cperd\u201d les mensualitats. Passa el mateix amb la prima d&#039;opci\u00f3. Aquesta consisteix en una suma de diners per fora de la fian\u00e7a, que es lliura al propietari a l&#039;inici de la contractaci\u00f3. Opera com a garantia al propietari en cas que no es faci l&#039;opci\u00f3 de compra i fixa el dret de compra exclusiu sobre la propietat per al comprador.&nbsp;<\/p>\n\n\n\n<p>\u2705 <strong>Benef\u00edcia a l&#039;arrendador-propietari<\/strong>. Garanteix per a si els ingressos de la mensualitat. A m\u00e9s, t\u00e9 una bona asseguran\u00e7a d&#039;impagament del lloguer per l&#039;alta prima inicial que se sol fixar i que es queda en cas que no s&#039;operi l&#039;opci\u00f3 de compra.<\/p>\n\n\n\n<p>\u274c La contra per a ell rau en qu\u00e8, en fixar el preu, pot acabar venent per un menor valor de mercat. A m\u00e9s, en no poder oferir-lo a tercers \u2013ment duri l&#039;arrendament\u2013, pot perdre compradors disposats a pagar m\u00e9s.<\/p>\n\n\n\n<p>Ja ho veus, en un context d&#039;incertesa aporta estabilitat i certesa. No \u00e9s poca cosa. Gr\u00e0cies a aix\u00f2, es va comen\u00e7ar a notar el que es coneix com:<\/p>\n\n\n\n<h5 class=\"wp-block-heading has-medium-font-size\"><a id=\"auge\"><\/a>L&#039;auge del lloguer amb opci\u00f3 a compra d&#039;un habitatge<\/h5>\n\n\n\n<p>El creixement d&#039;aquest tipus de contracte no \u00e9s una sorpresa, almenys per als qui estem al moll immobiliari. Si b\u00e9 el lloguer amb opci\u00f3 de compra \u00e9s un tipus contractual que va sorgir a la d\u00e8cada del 1930, la crisi immobili\u00e0ria i financera del 2008 el va impulsar i li va atorgar cert <em>momentum<\/em>.&nbsp;<\/p>\n\n\n\n<p>Avui dia, hi ha diversos factors que ajuden a un nou ressorgiment:<\/p>\n\n\n\n<ol class=\"wp-block-list\">\n<li><strong>La crisi del COVID-19<\/strong> va causar aquest impacte al sector, que va obligar els seus actors a generar respostes creatives per als que perseguien el somni de tenir casa pr\u00f2pia. Aix\u00ed, aquest tipus dacord crea una forma de finan\u00e7ament indirecte i permet ajornar el moment de la decisi\u00f3 de compra.\u00a0<br>\u00a0<\/li>\n\n\n\n<li><strong>L\u00b4encariment de l\u00b4habitatge en relaci\u00f3 amb els salaris + la dificultat d\u00b4aconseguir finan\u00e7ament<\/strong>. Segons un estudi de la <a href=\"https:\/\/civismo.org\/es\/por-que-la-riqueza-de-los-jovenes-se-desploma-un-94\/\" target=\"_blank\" rel=\"noopener\">Fundaci\u00f3 Civisme<\/a>, la riquesa neta mitjana dels menors de 35 anys s&#039;ha redu\u00eft entre el 2005 i el 2017 un 93,7% a Espanya. <em>\u00ababans de la crisi del 2008, \u00e8poca en qu\u00e8 es concedia cr\u00e8dit f\u00e0cil, r\u00e0pid i sense restriccions, moltes persones van accedir a un habitatge. Gran quantitat de joves entraven al mercat laboral i immediatament contractaven una hipoteca\u00bb<\/em>.Aix\u00f2 avui no est\u00e0 passant, segons publica El Economista: <a href=\"https:\/\/www.eleconomista.es\/empresas-finanzas\/noticias\/10900553\/11\/20\/El-Covid-cierra-la-puerta-de-la-vivienda-a-los-jovenes.html\" target=\"_blank\" rel=\"noopener\"><em>&quot;El Covid tanca la porta de l&#039;habitatge als joves&quot;<\/em><\/a>. La volatilitat de l&#039;ocupaci\u00f3 dels joves m\u00e9s les condicions d&#039;incertesa actuals generen una actitud restrictiva als bancs en el moment d&#039;atorgar pr\u00e9stecs i hipoteques per a habitatges.<br>\u00a0<\/li>\n\n\n\n<li><strong>L&#039;evoluci\u00f3 de la <a href=\"https:\/\/datosmacro.expansion.com\/demografia\/estructura-poblacion\/espana\" target=\"_blank\" rel=\"noopener\">pir\u00e0mide poblacional<\/a> d&#039;Espanya i el canvi de prioritats<\/strong>. En l&#039;actualitat, els millennials (aquells nascuts entre els anys 1981 i 1996) ocupen un 24% d&#039;aquesta pir\u00e0mide.<img decoding=\"async\" src=\"https:\/\/www.monapart.com\/sites\/default\/files\/styles\/scale_960xn_\/public\/mediabrowser\/02-alquiler-opcion-compra.png?itok=S4NO6nCK\" alt=\"El contracte de lloguer amb opci\u00f3 de compra: caracter\u00edstiques i avantatges | Monapart \" style=\"\"><img decoding=\"async\" src=\"https:\/\/www.monapart.com\/sites\/default\/files\/styles\/scale_960xn_\/public\/mediabrowser\/03-alquiler-opcion-compra.png?itok=r-Hwdmal\" alt=\"El contracte de lloguer amb opci\u00f3 de compra: caracter\u00edstiques i avantatges | Monapart \" style=\"\">Un estudi realitzat per <a href=\"https:\/\/micappital.com\/\" target=\"_blank\" rel=\"noopener\">Micappital<\/a>, una fintech espanyola especialitzada a dissenyar plans d&#039;estalvi i inversi\u00f3, afirma que <strong>un de cada 10 inversors t\u00e9 com a principal objectiu comprar-se una casa<\/strong>. Avui, la meta m\u00e9s habitual \u00e9s molt m\u00e9s discreta: crear un matal\u00e0s per fer front a futurs imprevistos.<\/li>\n<\/ol>\n\n\n\n<blockquote class=\"wp-block-quote alignright is-layout-flow wp-block-quote-is-layout-flow\">\n<p>Pel context en qu\u00e8 vivim, pel complicat de guanyar-se el pa i per una q\u00fcesti\u00f3 de prioritats generacionals, es comencen a considerar noves opcions.&nbsp;<\/p>\n<\/blockquote>\n\n\n\n<h5 class=\"wp-block-heading has-medium-font-size\"><a id=\"importancia\"><\/a><strong>La import\u00e0ncia del contracte de lloguer amb opci\u00f3 a compra<\/strong><\/h5>\n\n\n\n<p>En aquest marc, l&#039;arrendament amb opci\u00f3 de compra esdev\u00e9 interessant, ja que permet posposar per m\u00e9s tard la decisi\u00f3 final. Aix\u00f2, davant d&#039;una compravenda on la resoluci\u00f3 \u00e9s ferma i irrevocable, sembla una alternativa que, com d\u00e8iem, d\u00f3na certa tranquil\u00b7litat davant de tanta incertesa.&nbsp;<\/p>\n\n\n\n<p>Per validar la nostra hip\u00f2tesi decidim:&nbsp;<\/p>\n\n\n\n<ol class=\"wp-block-list\">\n<li><strong>Fer un ull al mercat<\/strong>. El fet que sorgeixin nous actors que centren el seu model de negoci en aquest tipus de contracte, ens d\u00f3na la pauta que alguna cosa seriosa est\u00e0 passant.<br>Un clar exemple \u00e9s <a href=\"https:\/\/blog.holalucas.com\/2020\/05\/por-que-decidimos-lanzar-lucas\/\" target=\"_blank\" rel=\"noopener\">Lluc<\/a>, una <em>proptech <\/em>immobili\u00e0ria espanyola. Ells afirmen (i confirmen) el que diem:<em>&quot;L&#039;augment accelerat dels preus de l&#039;habitatge i l&#039;enduriment dels criteris de concessi\u00f3 dels pr\u00e9stecs per part dels bancs s\u00f3n sovint la ra\u00f3 per la qual els joves no poden optar per intentar aconseguir el primer habitatge&quot;.<\/em><br>\u00a0<\/li>\n\n\n\n<li>Reviseu qu\u00e8 passa per la ment d&#039;un potencial millennial arrendatari-comprador.<\/li>\n<\/ol>\n\n\n\n<figure class=\"wp-block-image\"><img decoding=\"async\" src=\"https:\/\/www.monapart.com\/sites\/default\/files\/styles\/scale_960xn_\/public\/mediabrowser\/04-alquiler-opcion-compra.jpg?itok=BCrbD1ff\" alt=\"El contracte de lloguer amb opci\u00f3 de compra: caracter\u00edstiques i avantatges | Monapart \" title=\"lloguer-opcio-compra\"\/><\/figure>\n\n\n\n<p>\u00c9s clar com l&#039;aigua\u2026<\/p>\n\n\n\n<p><strong>Crisi:<\/strong> No em donen cr\u00e8dit enlloc<\/p>\n\n\n\n<p>\u25bc<\/p>\n\n\n\n<p>Encara no tinc clar si he d&#039;invertir en una propietat.&nbsp;<\/p>\n\n\n\n<p>\u25bc<\/p>\n\n\n\n<p>Per\u00f2 estic fart de perdre els meus diners a lloguers.<\/p>\n\n\n\n<p>\u25bc<\/p>\n\n\n\n<p>Quina opci\u00f3 tinc? Lloguer amb opci\u00f3 a compra?<\/p>\n\n\n\n<p>\u25bc<\/p>\n\n\n\n<p>Puc convertir la despesa de la mensualitat, en una inversi\u00f3 per a la meva casa futura<\/p>\n\n\n\n<p>\u25bc<\/p>\n\n\n\n<figure class=\"wp-block-image\"><img decoding=\"async\" src=\"https:\/\/www.monapart.com\/sites\/default\/files\/mediabrowser\/05-alquiler-opcion-compra.gif?itok=vZeFyzGI\" alt=\"El contracte de lloguer amb opci\u00f3 de compra: caracter\u00edstiques i avantatges | Monapart \" title=\"lloguer-opcio-compra\"\/><\/figure>\n\n\n\n<p>Bell\u00edssima soluci\u00f3.<\/p>\n\n\n\n<h5 class=\"wp-block-heading has-medium-font-size\"><a id=\"clausulas\"><\/a>Els budells del contracte: cl\u00e0usules al lloguer amb opci\u00f3 a compra<\/h5>\n\n\n\n<p>Com deia m\u00e9s amunt, no \u00e9s un contracte tipificat. No hi ha una secci\u00f3 al Codi Civil que s&#039;anomeni \u201clloguer amb opci\u00f3 a compra\u201d i que en reguli el contingut.&nbsp;<\/p>\n\n\n\n<p>Aleshores, la redacci\u00f3 es regeix per les normes generals dels contractes (articles 1254 a 1314 del Codi civil), i per les normes d&#039;aquells contractes que se&#039;ls assemblen, que s\u00f3n d&#039;una mateixa naturalesa essencial o naturalesa similar (Sent\u00e8ncia del Tribunal Suprem 30.4.2002 -RJA 4038: el de lloguer i el de lloguer).<\/p>\n\n\n\n<p>El que no poden faltar, s\u00f3n les dues condicions m\u00ednimes seg\u00fcents:<\/p>\n\n\n\n<ul class=\"wp-block-list\">\n<li>Lobjecte del contracte.<\/li>\n\n\n\n<li>El preu de venda.<\/li>\n<\/ul>\n\n\n\n<p>Altres <strong>cl\u00e0usules rellevants al contracte de lloguer amb opci\u00f3 a compra<\/strong> s\u00f3n:<\/p>\n\n\n\n<ul class=\"wp-block-list\">\n<li>El moment en qu\u00e8 el llogater pot fer \u00fas de lopci\u00f3 de compra.\u00a0<\/li>\n\n\n\n<li>Les quotes m\u00ednimes a pagar.<\/li>\n\n\n\n<li>El percentatge a descomptar de la compra.<\/li>\n\n\n\n<li>La possibilitat dextensi\u00f3 del contracte.<\/li>\n\n\n\n<li>Qu\u00e8 passa en cas de retard en el pagament de la mensualitat.<\/li>\n\n\n\n<li>L&#039;exclusivitat en la compra per part de l&#039;inquil\u00ed mentre duri el contracte.<\/li>\n\n\n\n<li>I aix\u00ed\u2026 fins a l&#039;infinit.<\/li>\n<\/ul>\n\n\n\n<p>Ja ho veus, <strong>el contracte de lloguer amb opci\u00f3 de compra \u00e9s un tipus d&#039;acord \u00fatil per\u00f2 for\u00e7a complex<\/strong>, amb molts detalls a tenir en compte. Si penses que \u00e9s una opci\u00f3 adequada per a la teva situaci\u00f3, no dubtis a consultar-nos. Ser\u00e0 un plaer assistir-te! \u2192 <a href=\"mailto:info@monapart.com\">info@monapart.com<\/a><\/p>","protected":false},"excerpt":{"rendered":"<p>El contrato de alquiler con opci\u00f3n a compra: caracter\u00edsticas y ventajas Te contamos en detalle de qu\u00e9 se trata y porqu\u00e9 el alquiler con opci\u00f3n a compra puede ser una excelente elecci\u00f3n a la hora de vender o comprar una propiedad. El contrato de alquiler de un piso\u00a0con opci\u00f3n a compra es el \u201crarito\u201d de [&hellip;]<\/p>\n","protected":false},"author":13,"featured_media":1057,"comment_status":"closed","ping_status":"closed","sticky":false,"template":"","format":"standard","meta":{"_acf_changed":false,"footnotes":""},"categories":[3268],"tags":[3256,3225,2938],"class_list":["post-1056","post","type-post","status-publish","format-standard","has-post-thumbnail","hentry","category-consejo-inmobiliario","tag-legal","tag-alquiler","tag-compraventa"],"acf":[],"_links":{"self":[{"href":"https:\/\/www.monapart.com\/magazine\/ca\/wp-json\/wp\/v2\/posts\/1056","targetHints":{"allow":["GET"]}}],"collection":[{"href":"https:\/\/www.monapart.com\/magazine\/ca\/wp-json\/wp\/v2\/posts"}],"about":[{"href":"https:\/\/www.monapart.com\/magazine\/ca\/wp-json\/wp\/v2\/types\/post"}],"author":[{"embeddable":true,"href":"https:\/\/www.monapart.com\/magazine\/ca\/wp-json\/wp\/v2\/users\/13"}],"replies":[{"embeddable":true,"href":"https:\/\/www.monapart.com\/magazine\/ca\/wp-json\/wp\/v2\/comments?post=1056"}],"version-history":[{"count":1,"href":"https:\/\/www.monapart.com\/magazine\/ca\/wp-json\/wp\/v2\/posts\/1056\/revisions"}],"predecessor-version":[{"id":16014,"href":"https:\/\/www.monapart.com\/magazine\/ca\/wp-json\/wp\/v2\/posts\/1056\/revisions\/16014"}],"wp:featuredmedia":[{"embeddable":true,"href":"https:\/\/www.monapart.com\/magazine\/ca\/wp-json\/wp\/v2\/media\/1057"}],"wp:attachment":[{"href":"https:\/\/www.monapart.com\/magazine\/ca\/wp-json\/wp\/v2\/media?parent=1056"}],"wp:term":[{"taxonomy":"category","embeddable":true,"href":"https:\/\/www.monapart.com\/magazine\/ca\/wp-json\/wp\/v2\/categories?post=1056"},{"taxonomy":"post_tag","embeddable":true,"href":"https:\/\/www.monapart.com\/magazine\/ca\/wp-json\/wp\/v2\/tags?post=1056"}],"curies":[{"name":"wp","href":"https:\/\/api.w.org\/{rel}","templated":true}]}}