{"id":1050,"date":"2021-05-13T11:43:37","date_gmt":"2021-05-13T09:43:37","guid":{"rendered":"https:\/\/www.monapart.com\/magazine\/?p=1050"},"modified":"2025-06-23T13:59:32","modified_gmt":"2025-06-23T11:59:32","slug":"anar-a-viure-fora-de-barcelona","status":"publish","type":"post","link":"https:\/\/www.monapart.com\/magazine\/ca\/consejo-inmobiliario\/irse-a-vivir-fuera-de-barcelona","title":{"rendered":"Per qu\u00e8 tothom vol anar a viure fora de Barcelona?"},"content":{"rendered":"<h1 class=\"wp-block-heading\">Per qu\u00e8 tothom vol anar a viure fora de Barcelona?<\/h1>\n\n\n\n<h2 class=\"wp-block-heading\">Es va registrar el percentatge m\u00e9s alt d&#039;habitants que es volen anar a viure fora de Barcelona. Fa un temps enrere aix\u00f2 hauria estat impensable.<\/h2>\n\n\n<div class='post-info'>13 de maig de 2021 per <a href='https:\/\/www.monapart.com\/magazine\/ca\/autor\/monapart'>Monapart<\/a><\/div>\n\n\n\n<p>Per\u00f2 l&#039;impacte del COVID-19, sumat a les noves possibilitats de treball i educaci\u00f3 en l\u00ednia, sembla que estan fent replantejar el <em>modus vivendi <\/em>d&#039;alguns habitants de la ciutat. A Monapart no hem deixat de <a href=\"https:\/\/www.monapart.com\/es\/servicios\/vender\">vendre habitatges bonic<\/a> malgrat aquesta nova normalitat, i alguns casos han estat precisament de fam\u00edlies que han decidit abandonar la ciutat per anar a un entorn m\u00e9s tranquil\u2026 \u00bfEs buidar\u00e0 Barcelona el 2021?<\/p>\n\n\n\n<p>Una de les noves tend\u00e8ncies del sector immobiliari, pels efectes de la pand\u00e8mia, \u00e9s la nova demanda en \u00e0rees amb densitat de poblaci\u00f3 redu\u00efda. N&#039;\u00e9s una prova que, segons el <a href=\"https:\/\/www.registradores.org\/es\/inicio\" target=\"_blank\" rel=\"noopener\">Col\u00b7legi de Registradors de la Propietat<\/a>, <strong>la compravenda d&#039;habitatges unifamiliars va suposar m\u00e9s del 20% del total d&#039;operacions el tercer trimestre del 2020<\/strong>, marcant un m\u00e0xim a la s\u00e8rie hist\u00f2rica.<\/p>\n\n\n\n<h5 class=\"wp-block-heading has-medium-font-size\">Anar a viure fora de Barcelona<\/h5>\n\n\n\n<p>Tot comen\u00e7a amb la <a href=\"https:\/\/ajuntament.barcelona.cat\/premsa\/wp-content\/uploads\/2021\/03\/r20010_ESM_Informe_Premsa_v1_0.pdf\" target=\"_blank\" rel=\"noopener\">Enquesta de serveis municipals<\/a>, d&#039;on sorgeix que gaireb\u00e9 un 30% dels barcelonins consultats volen <strong>anar a viure fora de Barcelona<\/strong>. Est\u00e0 b\u00e9, pot ser que el \u201ctothom\u201d del t\u00edtol sigui una mica exagerat. De fet, sempre hi va haver gent emigrant de la ciutat. El que crida l&#039;atenci\u00f3 aquesta vegada, \u00e9s que aquest registre \u00e9s el doble que el 2017 (15,5%) i gaireb\u00e9 nou punts m\u00e9s que el 2019 (18.9%).<\/p>\n\n\n\n<figure class=\"wp-block-image\"><img decoding=\"async\" src=\"https:\/\/www.monapart.com\/sites\/default\/files\/mediabrowser\/01-irse-a-vivir-fuera-de-barcelona.gif?itok=47Zv5XQ7\" alt=\"Per qu\u00e8 tothom vol anar a viure fora de Barcelona? | Monapart\" title=\"Per qu\u00e8 tothom vol anar a viure fora de Barcelona?\"\/><\/figure>\n\n\n\n<p>(Un gr\u00e0fic mitj\u00e0 xungo d&#039;entendre, la fletxa apunta als desertors).<\/p>\n\n\n\n<p>Sembla clar que aquesta pujada ho motiva el context pand\u00e8mic mundial, encara que no \u00e9s la principal ra\u00f3. Els consultats a l&#039;Enquesta de Serveis Municipals, van donar el seg\u00fcent ordre de motius:&nbsp;&nbsp;<\/p>\n\n\n\n<ol class=\"wp-block-list\">\n<li>La delinq\u00fc\u00e8ncia, tot i que en el mateix per\u00edode va baixar un 41%.<\/li>\n\n\n\n<li>El dif\u00edcil acc\u00e9s al?habitatge, un vell conegut.<\/li>\n\n\n\n<li>Limpacte del Covid-19.<\/li>\n\n\n\n<li>L\u00b4augment de l\u00b4atur.<\/li>\n\n\n\n<li>I la manca de neteja als carrers.\u00a0<\/li>\n<\/ol>\n\n\n\n<p>T\u00e9 l\u00f2gica pensar que qui busca anar-se&#039;n a viure fora de Barcelona somia poder viure en un lloc m\u00e9s tranquil, m\u00e9s net i m\u00e9s segur.<\/p>\n\n\n\n<p>Peeero\u2026 Hi ha un detall.&nbsp;<\/p>\n\n\n\n<p>L&#039;Ajuntament de Barcelona tamb\u00e9 va emetre el febrer passat <a href=\"https:\/\/ajuntament.barcelona.cat\/premsa\/wp-content\/uploads\/2021\/02\/2021_02_23_impacte_covid_migracions.pdf\" target=\"_blank\" rel=\"noopener\">un informe<\/a> sobre els moviments migratoris en temps de COVID-19. Les dades que aporta sorgeixen de l&#039;an\u00e0lisi dels canvis als empadronaments. \u00c9s ben interessant el que conclou:&nbsp;<\/p>\n\n\n\n<ol class=\"wp-block-list\">\n<li><strong>Els qui emigren s\u00f3n les classes altes o mig-altes que tenen una segona resid\u00e8ncia m\u00e9s gran, fresca, lluminosa i segura a l&#039;interior de la prov\u00edncia de Barcelona.\u00a0<\/strong><\/li>\n\n\n\n<li><strong>Que el perfil de l&#039;emigrant barcelon\u00ed durant la pand\u00e8mia no \u00e9s el cl\u00e0ssic d&#039;un habitant que deixa la ciutat, sin\u00f3 que \u00e9s alg\u00fa que hi mant\u00e9 vincles molt intensos.<\/strong><\/li>\n<\/ol>\n\n\n\n<p>Si a aix\u00f2 sumem les restriccions a la mobilitat intermunicipal, l&#039;expansi\u00f3 del teletreball, l&#039;educaci\u00f3 a dist\u00e0ncia, l&#039;auge de les compres per internet, anar a viure fora de Barcelona, a la costa o la muntanya, sembla la millor opci\u00f3.&nbsp;<\/p>\n\n\n\n<p>Com d\u00e8iem, <em>no abandonen la ciutat, sin\u00f3 que la facilitat per treballar i gaudir de l\u00b4oci a dist\u00e0ncia fomenta un \u00fas molt fluid entre la ciutat i el municipi petit de la segona resid\u00e8ncia.<\/em><\/p>\n\n\n\n<h5 class=\"wp-block-heading has-medium-font-size\">Aleshores, viure als afores: tend\u00e8ncia o obligaci\u00f3?<\/h5>\n\n\n\n<p>De tot aix\u00f2, podem concloure que viure als afores \u00e9s una cosa que en certa mesura sempre ha estat all\u00e0. El que passa \u00e9s que ara es dispara com a conseq\u00fc\u00e8ncia de la nova realitat de la pand\u00e8mia i de certa comoditat que les classes m\u00e9s adinerades tenen per poder-ho fer.<\/p>\n\n\n\n<p>En definitiva: me&#039;n vaig, per\u00f2 no me&#039;n vaig.&nbsp;<\/p>\n\n\n\n<blockquote class=\"wp-block-quote alignright is-layout-flow wp-block-quote-is-layout-flow\">\n<p>Sembla una opci\u00f3 natural que qui t\u00e9 els mitjans per viure millor ho faci.<\/p>\n<\/blockquote>\n\n\n\n<p>A m\u00e9s puc:&nbsp;<\/p>\n\n\n\n<ul class=\"wp-block-list\">\n<li>Teletreballar.\u00a0<\/li>\n\n\n\n<li>Mantenir bona comunicaci\u00f3 amb la ciutat.\u00a0<\/li>\n\n\n\n<li>Aprofitar les restriccions a l&#039;oci i l&#039;entreteniment i prendre un time off a la muntanya.<\/li>\n\n\n\n<li>No fer gaire esfor\u00e7, ja que tinc disponibilitat de recursos per fer el canvi.<\/li>\n<\/ul>\n\n\n\n<p>Ara b\u00e9, darrere aquest augment explosiu hi ha una constant des de fa uns anys: un 15-18% de la poblaci\u00f3 de la capital catalana vol anar a viure fora de Barcelona. I aquest n\u00famero sembla anar sempre en augment\u2026 Per qu\u00e8?<\/p>\n\n\n\n<p>Et dono una pista:<\/p>\n\n\n\n<figure class=\"wp-block-image\"><img decoding=\"async\" src=\"https:\/\/www.monapart.com\/sites\/default\/files\/mediabrowser\/02-irse-a-vivir-fuera-de-barcelona.gif?itok=W1PFl8iM\" alt=\"Per qu\u00e8 tothom vol anar a viure fora de Barcelona? | Monapart\" title=\"Per qu\u00e8 tothom vol anar a viure fora de Barcelona?\"\/><\/figure>\n\n\n\n<p><a href=\"https:\/\/cronicaglobal.elespanol.com\/business\/vivir-60-km-barcelona-trabajar-aqui-normal-joan-olle-bertran_68710_102.html\" target=\"_blank\" rel=\"noopener\">En una entrevista el 2017<\/a>, Joan Oller Beltran, expresident del Col\u00b7legi d&#039;Agents Immobiliaris de Barcelona, va dir una cosa amb brutal honestedat:&nbsp;&nbsp;<\/p>\n\n\n\n<ul class=\"wp-block-list\">\n<li><strong><em>Pregunta: Tenim dret a viure a Barcelona?<\/em><\/strong><\/li>\n\n\n\n<li><em>Resposta: Les ciutats d&#039;atracci\u00f3 pujaran molt de preu. Barcelona, Madrid i altres. En canvi, a C\u00e0ceres, per exemple, un pis \u00e9s m\u00e9s barat.<\/em><\/li>\n<\/ul>\n\n\n\n<ul class=\"wp-block-list\">\n<li><strong><em>Pregunta: Aix\u00ed, la clau \u00e9s la dist\u00e0ncia?<\/em><\/strong><\/li>\n\n\n\n<li><em>Resposta: On vol viure tothom els preus pujaran, \u00e9s l\u00f2gic. A C\u00e0ceres tindr\u00e0s un pis molt bonic i una qualitat de vida inigualable. <strong>Per\u00f2 si vols Barcelona, paga.<\/strong>\u201d<\/em><\/li>\n<\/ul>\n\n\n\n<p>El problema \u00e9s quan les lleis del lliure mercat regulen l&#039;acc\u00e9s a un b\u00e9 fonamental com l&#039;habitatge. Perqu\u00e8 el que passa \u00e9s el seg\u00fcent: <strong>s<\/strong><strong>i no tens diners, la ciutat potser t&#039;expulsa<\/strong>. Hi pot haver dos motius perqu\u00e8 aix\u00f2 estigui passant:<\/p>\n\n\n\n<p><strong>1. El proc\u00e9s hist\u00f2ric d&#039;urbanitzaci\u00f3 d&#039;Espanya.<\/strong><\/p>\n\n\n\n<p>Des de mitjans del segle passat fins a l&#039;actualitat, a Espanya hi ha un ininterromput augment de la poblaci\u00f3 resident a <a href=\"https:\/\/www.bde.es\/f\/webbde\/SES\/Secciones\/Publicaciones\/PublicacionesSeriadas\/DocumentosOcasionales\/20\/Fich\/do2027.pdf\" target=\"_blank\" rel=\"noopener\">zones urbanes<\/a>. Si el 1950 la poblaci\u00f3 urbana era del 65% de la poblaci\u00f3 total, el 2018 se&#039;n va anar a 87%, un augment del 22%.<\/p>\n\n\n\n<figure class=\"wp-block-image\"><img decoding=\"async\" src=\"https:\/\/www.monapart.com\/sites\/default\/files\/styles\/scale_960xn_\/public\/mediabrowser\/03-irse-a-vivir-fuera-de-barcelona.jpg?itok=W1zVsw1D\" alt=\"Per qu\u00e8 tothom vol anar a viure fora de Barcelona? | Monapart\" title=\"Per qu\u00e8 tothom vol anar a viure fora de Barcelona?\"\/><\/figure>\n\n\n\n<figure class=\"wp-block-image\"><img decoding=\"async\" src=\"https:\/\/www.monapart.com\/sites\/default\/files\/styles\/scale_960xn_\/public\/mediabrowser\/04-irse-a-vivir-fuera-de-barcelona.jpg?itok=QCQa3sff\" alt=\"Per qu\u00e8 tothom vol anar a viure fora de Barcelona? | Monapart\" title=\"Per qu\u00e8 tothom vol anar a viure fora de Barcelona?\"\/><\/figure>\n\n\n\n<p><a href=\"https:\/\/ajuntament.barcelona.cat\/museuhistoria\/cartahistorica\/index.html?lang=es#map=14.997158856352225\/241976.96\/5068814.62\/1500\/\/0\/0\/0\/1\" target=\"_blank\" rel=\"noopener\">Creixement de la ciutat<\/a> des de 1890 fins a l&#039;actualitat.<\/p>\n\n\n\n<p>Aquesta desigual distribuci\u00f3 espacial de la poblaci\u00f3 provoca una distribuci\u00f3 tamb\u00e9 desigual de les rendes, ja que hi haur\u00e0 m\u00e9s negoci on hi hagi m\u00e9s gent concentrada.&nbsp;<\/p>\n\n\n\n<p>Per\u00f2 la urbanitzaci\u00f3 porta problemes derivats d&#039;aquesta saturaci\u00f3 de l&#039;espai: els preus de l&#039;habitatge i el cost de vida pugen, les empitjoren les condicions de vida, la inseguretat, etc.<\/p>\n\n\n\n<p><strong>2. Qui no ho pot pagar, ha de marxar a viure fora de Barcelona.<\/strong><\/p>\n\n\n\n<p>Just el que d\u00e8iem. Per\u00f2 \u00e9s clar, Barcelona buida no quedar\u00e0\u2026 El que es produeix \u00e9s un <em>reajustament <\/em>d&#039;habitants: o el fenomen que es coneix com a gentrificaci\u00f3.&nbsp;<\/p>\n\n\n\n<p>Les classes mitjanes s&#039;empobreixen i s\u00f3n despla\u00e7ades per persones amb estatus econ\u00f2mic superior. Mentrestant, la demanda immobili\u00e0ria s&#039;internacionalitza. Ja no \u00e9s un fenomen local, sin\u00f3 que implica altres actors, com els fons d&#039;inversi\u00f3 que fan que el proc\u00e9s sigui cada cop menys espontani (<a href=\"https:\/\/www.monapart.com\/es\/magazine\/sector-inmobiliario\/gentrificacion-y-cine-cuando-la-realidad-supera-la-ficcion\">i menys \u00e8tic<\/a>). A Barcelona no passa res que no h\u00e0gim vist abans a ciutats com Nova York, Londres o Par\u00eds.<\/p>\n\n\n\n<h5 class=\"wp-block-heading has-medium-font-size\">Ara b\u00e9, qu\u00e8 \u00e9s la gentrificaci\u00f3?<\/h5>\n\n\n\n<p>\u00c9s un proc\u00e9s que genera l?expulsi\u00f3 de ve\u00efns d?una zona determinada de la ciutat. Certs barris, on habiten classes baixes o mig-baixes, solen patir deterioraments a les seves edificacions i el seu entorn. Progressivament, aquestes zones adquireixen inter\u00e8s per a nous habitants i sectors, com el del turisme, i en conseq\u00fc\u00e8ncia, crida a les inversions immobili\u00e0ries.&nbsp;<\/p>\n\n\n\n<p>Les noves inversions produeixen un encariment de la zona. Com a conseq\u00fc\u00e8ncia, es genera l&#039;expulsi\u00f3 dels ve\u00efns de la zona de resid\u00e8ncia i la substituci\u00f3 per un nou perfil amb m\u00e9s poder adquisitiu.&nbsp;<\/p>\n\n\n\n<figure class=\"wp-block-image\"><img decoding=\"async\" src=\"https:\/\/www.monapart.com\/sites\/default\/files\/styles\/scale_960xn_\/public\/mediabrowser\/05-irse-a-vivir-fuera-de-barcelona.jpg?itok=REkQcqUx\" alt=\"Per qu\u00e8 tothom vol anar a viure fora de Barcelona? | Monapart\" title=\"Per qu\u00e8 tothom vol anar a viure fora de Barcelona?\"\/><\/figure>\n\n\n\n<p>Marxa contra l\u00b4especulaci\u00f3 immobili\u00e0ria a Barcelona.<\/p>\n\n\n\n<p>Aix\u00ed doncs, la gentrificaci\u00f3 despla\u00e7a i disgrega el ve\u00ed <em>originari <\/em>i el substitueix per un altre de m\u00e9s poder adquisitiu.<\/p>\n\n\n\n<ul class=\"wp-block-list\">\n<li>Canvia el tipus de comer\u00e7 i de lleure que neix i es desenvolupa.\u00a0<\/li>\n\n\n\n<li>Modifica edificacions deteriorades que seran reconstru\u00efdes o rehabilitades.\u00a0<\/li>\n\n\n\n<li>Genera un augment del preu dels lloguers i de compra dhabitatges.<\/li>\n<\/ul>\n\n\n\n<p>A Barcelona, amb l&#039;aparici\u00f3 de <a href=\"https:\/\/www.monapart.com\/es\/magazine\/sector-inmobiliario\/alquilar-mi-piso-para-vacaciones\">Airbnb<\/a>, es va generar un proc\u00e9s encara m\u00e9s nociu, la turificaci\u00f3.<\/p>\n\n\n\n<p>\u00c9s a dir, se substitueix una poblaci\u00f3 local per una no poblaci\u00f3, amb el potencial de crear espais urbans tematitzats, desprove\u00efts de les m\u00ednimes qualitats b\u00e0siques per al resident estable.<\/p>\n\n\n\n<p><strong>Arribar\u00e0 Barcelona a tant?&nbsp;<\/strong><\/p>\n\n\n\n<p>De moment, no sembla. El sentiment d?identitat catal\u00e0 est\u00e0 molt arrelat als barcelonins. Hi ha motius hist\u00f2rics, culturals i pol\u00edtics de molt pes. Saben molt b\u00e9 com resistir i mantenir la idiosincr\u00e0sia pr\u00f2pia de la seva societat.<\/p>\n\n\n\n<p>Exemple d&#039;ells s\u00f3n les zones de la ciutat que, encara en una de les capitals m\u00e9s grans del m\u00f3n, mantenen la seva ess\u00e8ncia de poble.<\/p>\n\n\n\n<h5 class=\"wp-block-heading has-medium-font-size\">Els 3 barris de Barcelona que semblen pobles<\/h5>\n\n\n\n<p>Aquests barris resisteixen. Mantenen el seu encant i identitat. S\u00f3n fidels als seus costums i als seus ve\u00efns, s\u00f3n d&#039;aquells que es coneixen de tota la vida i on encara veus senyores passejant en bata per pa. Aquests barris de Barcelona que semblen pobles poden ser una opci\u00f3 per baixar aquest percentatge d&#039;emigraci\u00f3.<\/p>\n\n\n\n<p><strong>1. Horta-Guinard\u00f3<\/strong>. Pujant la muntanya, \u00e9s un lloc envoltat de casalots amb hist\u00f2ria, molt espai verd en una \u00e0mplia vall envoltada de turons i muntanyes.<\/p>\n\n\n\n<figure class=\"wp-block-image\"><img decoding=\"async\" src=\"https:\/\/www.monapart.com\/sites\/default\/files\/styles\/scale_960xn_\/public\/mediabrowser\/06-irse-a-vivir-fuera-de-barcelona.jpg?itok=C-QxzftG\" alt=\"Per qu\u00e8 tothom vol anar a viure fora de Barcelona? | Monapart\" title=\"Per qu\u00e8 tothom vol anar a viure fora de Barcelona?\"\/><\/figure>\n\n\n\n<p>\u00c9s un districte tranquil i residencial que encara avui mant\u00e9 aquest esperit de poble. Cada dia es poden gaudir les petites places i carrerons que evoquen el seu passat rural i independent.&nbsp;<\/p>\n\n\n\n<p><strong>2. Sant Andreu<\/strong>. Un barri tan catal\u00e0 com el <em>pa amb tom\u00e0quet<\/em>, amb una forta identitat i un passat obrer ben marcat. El t\u00edpic barri residencial de cases baixes i carrers amb tarongers, on tot sembla transc\u00f3rrer a cambra lenta.<\/p>\n\n\n\n<figure class=\"wp-block-image\"><img decoding=\"async\" src=\"https:\/\/www.monapart.com\/sites\/default\/files\/styles\/scale_960xn_\/public\/mediabrowser\/07-irse-a-vivir-fuera-de-barcelona.jpg?itok=t9xU-EuT\" alt=\"Per qu\u00e8 tothom vol anar a viure fora de Barcelona? | Monapart\" title=\"Per qu\u00e8 tothom vol anar a viure fora de Barcelona?\"\/><\/figure>\n\n\n\n<p>\u00c9s un lloc ideal per viure en fam\u00edlia, un lloc amb nombrosos parcs per a nens totalment segurs. Molt actiu i amb una forta proposta per l&#039;art i la cultura, molt aferrat a les arrels.<\/p>\n\n\n\n<p><strong>3. Sarri\u00e0-Sant Gervasi<\/strong>. Ubicat a la part alta de Barcelona, \u00e9s un dels districtes m\u00e9s verds (i m\u00e9s cars) de la ciutat. Destaquen els carrers de vianants, les botigues locals i la gent que l&#039;habita. Allunyat de la visita de turistes, \u00e9s un lloc amb grans escoles i campus universitaris.<\/p>\n\n\n\n<figure class=\"wp-block-image\"><img decoding=\"async\" src=\"https:\/\/www.monapart.com\/sites\/default\/files\/styles\/scale_960xn_\/public\/mediabrowser\/08-irse-a-vivir-fuera-de-barcelona.jpg?itok=eWBCYrGs\" alt=\"Per qu\u00e8 tothom vol anar a viure fora de Barcelona? | Monapart\" title=\"Per qu\u00e8 tothom vol anar a viure fora de Barcelona?\"\/><\/figure>\n\n\n\n<p>Ja ho veus, Barcelona \u00e9s una ciutat molt rica en matisos i aix\u00f2 \u00e9s el que la fa tan \u00fanica: ofereix la riquesa d&#039;una capital europea per\u00f2 sense renunciar a l&#039;amabilitat i la comoditat. Anar a viure fora de Barcelona no ha de ser l&#039;\u00fanica sortida. Ja passar\u00e0 aquesta male\u00efda pand\u00e8mia i podrem gaudir de la ciutat. Mentrestant, en pots veure algunes de <a href=\"https:\/\/www.monapart.com\/es\/viviendas-barcelona\">els nostres habitatges a Barcelona<\/a> i qui sap?, potser aconseguim que et quedis per aqu\u00ed\u2026<\/p>","protected":false},"excerpt":{"rendered":"<p>Per\u00f2 l&#039;impacte del COVID-19, sumat a les noves possibilitats de treball i educaci\u00f3 en l\u00ednia, sembla que estan fent replantejar el modus vivendi d&#039;alguns habitants de la ciutat. A Monapart no hem deixat de vendre habitatges bonics malgrat aquesta nova normalitat, i alguns casos han estat precisament de fam\u00edlies que han decidit abandonar la ciutat per anar a un entorn m\u00e9s tranquil\u2026 \u00bfEs buidar\u00e0 Barcelona el 2021?<\/p>","protected":false},"author":3,"featured_media":1051,"comment_status":"closed","ping_status":"closed","sticky":false,"template":"","format":"standard","meta":{"_acf_changed":false,"footnotes":""},"categories":[3268],"tags":[2929,2872],"class_list":["post-1050","post","type-post","status-publish","format-standard","has-post-thumbnail","hentry","category-consejo-inmobiliario","tag-covid-19","tag-barcelona"],"acf":[],"_links":{"self":[{"href":"https:\/\/www.monapart.com\/magazine\/ca\/wp-json\/wp\/v2\/posts\/1050","targetHints":{"allow":["GET"]}}],"collection":[{"href":"https:\/\/www.monapart.com\/magazine\/ca\/wp-json\/wp\/v2\/posts"}],"about":[{"href":"https:\/\/www.monapart.com\/magazine\/ca\/wp-json\/wp\/v2\/types\/post"}],"author":[{"embeddable":true,"href":"https:\/\/www.monapart.com\/magazine\/ca\/wp-json\/wp\/v2\/users\/3"}],"replies":[{"embeddable":true,"href":"https:\/\/www.monapart.com\/magazine\/ca\/wp-json\/wp\/v2\/comments?post=1050"}],"version-history":[{"count":1,"href":"https:\/\/www.monapart.com\/magazine\/ca\/wp-json\/wp\/v2\/posts\/1050\/revisions"}],"predecessor-version":[{"id":16023,"href":"https:\/\/www.monapart.com\/magazine\/ca\/wp-json\/wp\/v2\/posts\/1050\/revisions\/16023"}],"wp:featuredmedia":[{"embeddable":true,"href":"https:\/\/www.monapart.com\/magazine\/ca\/wp-json\/wp\/v2\/media\/1051"}],"wp:attachment":[{"href":"https:\/\/www.monapart.com\/magazine\/ca\/wp-json\/wp\/v2\/media?parent=1050"}],"wp:term":[{"taxonomy":"category","embeddable":true,"href":"https:\/\/www.monapart.com\/magazine\/ca\/wp-json\/wp\/v2\/categories?post=1050"},{"taxonomy":"post_tag","embeddable":true,"href":"https:\/\/www.monapart.com\/magazine\/ca\/wp-json\/wp\/v2\/tags?post=1050"}],"curies":[{"name":"wp","href":"https:\/\/api.w.org\/{rel}","templated":true}]}}