{"id":104,"date":"2011-10-03T17:58:19","date_gmt":"2011-10-03T15:58:19","guid":{"rendered":"https:\/\/www.monapart.com\/magazine\/?p=104"},"modified":"2025-03-17T11:55:02","modified_gmt":"2025-03-17T10:55:02","slug":"llums-fase-1960-1980","status":"publish","type":"post","link":"https:\/\/www.monapart.com\/magazine\/ca\/hogar\/lamparas-fase-1960-1980","title":{"rendered":"Llums Fase (1960-1980)"},"content":{"rendered":"<h1 class=\"wp-block-heading\">Llums Fase (1960-1980)<\/h1>\n\n\n\n<h2 class=\"wp-block-heading\"><strong>El llegat atemporal del disseny industrial espanyol<\/strong>.<\/h2>\n\n\n<div class='post-info'>3 d&#039;octubre del 2011 per <a href='https:\/\/www.monapart.com\/magazine\/ca\/autor\/monapart'>Monapart<\/a><\/div>\n\n\n\n<p><\/p>\n\n\n\n<p>Quan es tracta de <a href=\"https:\/\/www.monapart.com\/magazine\/ca\/llar\/llum-tmc-miguel-mila-1960\/\"><strong>llums de disseny<\/strong><\/a>, solem mirar cap a Alemanya (<strong><a href=\"\/magazine\/ca\/node\/524\/\" target=\"_blank\" rel=\"noreferrer noopener\">Ingo Maurer<\/a><\/strong>), a Dinamarca (<strong><a href=\"\/magazine\/ca\/node\/521\/\" target=\"_blank\" rel=\"noreferrer noopener\">Verner Panton<\/a><\/strong>), ia It\u00e0lia (<strong><a href=\"\/magazine\/ca\/node\/520\/\" target=\"_blank\" rel=\"noreferrer noopener\">Castiglioni<\/a><\/strong> i <strong><a href=\"\/magazine\/ca\/node\/455\/\" target=\"_blank\" rel=\"noreferrer noopener\">Joe Colombo<\/a><\/strong>). Tot i aix\u00f2, avui fem una excepci\u00f3 i ens quedem a casa. I \u00e9s curi\u00f3s que ho fem, perqu\u00e8 Espanya no ha estat hist\u00f2ricament un pa\u00eds amb gran pres\u00e8ncia a l&#039;escena internacional del disseny industrial. Per\u00f2 n&#039;hi ha una excepci\u00f3, i aquesta excepci\u00f3 t\u00e9 nom: FASE.<\/p>\n\n\n\n<p><strong>FASE<\/strong> va ser una empresa espanyola que, durant els anys 60 i 70, va aconseguir portar els llums m\u00e9s enll\u00e0 de les nostres fronteres, cosa que poques marques nacionals van aconseguir en aquella \u00e8poca. Els seus dissenys han resistit el pas del temps amb una eleg\u00e0ncia que continua captivant els amants del disseny vintage i industrial. <\/p>\n\n\n\n<p>La qualitat dels seus materials i la seva factura impecable han fet que les seves peces no nom\u00e9s sobrevisquin, sin\u00f3 que segueixin sent altament valorades tant per col\u00b7leccionistes com per aquells que busquen una pe\u00e7a especial per a casa o oficina.<\/p>\n\n\n\n<figure class=\"wp-block-image is-resized\"><img decoding=\"async\" src=\"https:\/\/magazine.monapart.com\/sites\/default\/files\/mediabrowser\/lampara-fase-decoracion-iluminacion_7.jpg\" alt=\"Llum FASE | Monapart \" style=\"width:640px;height:auto\"\/><\/figure>\n\n\n\n<p>La seva qualitat \u00e9s excel\u00b7lent, amb metalls, cromats, fustes i parts el\u00e8ctriques de primera, i la <strong>empresa d&#039;il\u00b7luminaci\u00f3<\/strong> hom\u00f2nima, ja que ning\u00fa amb nom i cognoms no pot endur-se el m\u00e8rit aqu\u00ed, va produir molts exemplars, cosa que ha provocat que sigui un disseny molt popular i tamb\u00e9 que sigui un producte relativament f\u00e0cil de trobar. Aix\u00f2 s\u00ed, la popularitat d&#039;aquestes peces ha crescut tant que els seus preus han pujat considerablement en els darrers anys, i aconseguir-ne una en bon estat pot ser una inversi\u00f3 considerable.<\/p>\n\n\n\n<figure class=\"wp-block-image is-resized\"><img decoding=\"async\" src=\"https:\/\/magazine.monapart.com\/sites\/default\/files\/mediabrowser\/lampara-fase-decoracion-iluminacion_2.jpg\" alt=\"Llum FASE | Monapart \" style=\"width:661px;height:auto\"\/><\/figure>\n\n\n\n<figure class=\"wp-block-image is-resized\"><img decoding=\"async\" src=\"https:\/\/magazine.monapart.com\/sites\/default\/files\/mediabrowser\/lampara-fase-decoracion-iluminacion_5.jpg\" alt=\"Llum FASE | Monapart \" style=\"width:667px;height:auto\"\/><\/figure>\n\n\n<div class=\"wp-block-image\">\n<figure class=\"alignright is-resized\"><img decoding=\"async\" src=\"https:\/\/magazine.monapart.com\/sites\/default\/files\/mediabrowser\/lampara-fase-decoracion-iluminacion_6.jpg\" alt=\"Llum FASE | Monapart \" style=\"width:512px;height:auto\"\/><\/figure>\n<\/div>\n\n\n<p><\/p>\n\n\n\n<p>Un dels models m\u00e9s ic\u00f2nics de FASE \u00e9s la <strong>llum<\/strong> Boomerang, que destaca per la base de fusta corbada i el bra\u00e7 met\u00e0l\u00b7lic articulat, cosa que permet dirigir la llum amb gran facilitat. Aquest model \u00e9s potser el m\u00e9s representatiu del disseny industrial espanyol d&#039;aquells anys i ha estat objecte de desig de molts col\u00b7leccionistes arreu del m\u00f3n. La seva est\u00e8tica elegant i funcionalitat l&#039;han convertit en un cl\u00e0ssic atemporal.<\/p>\n\n\n\n<p><\/p>\n\n\n\n<p><\/p>\n\n\n\n<p>Si pares atenci\u00f3, veur\u00e0s que els llums FASE han aparegut en m\u00faltiples pel\u00b7l\u00edcules i s\u00e8ries de televisi\u00f3, cosa que no sol passar amb objectes de disseny espanyol. Es poden veure al despatx de Don Draper a <em>Mad Men<\/em>, a la s\u00e8rie <em>House<\/em> i fins i tot a l&#039;oficina d&#039;Indiana Jones en alguna de les seves pel\u00b7l\u00edcules. Aix\u00ed que la propera vegada que en vegis una a la pantalla, podr\u00e0s dir amb total seguretat i amb cert aire d&#039;orgull: \u00abAquest \u00e9s un llum FASE, una icona del disseny espanyol\u00bb.<\/p>\n\n\n\n<figure class=\"wp-block-image\"><img decoding=\"async\" src=\"https:\/\/magazine.monapart.com\/sites\/default\/files\/mediabrowser\/lampara-fase-mad-men.jpg\" alt=\"Mad Men | Monapart \"\/><\/figure>\n\n\n\n<p>Tot i el seu \u00e8xit i reconeixement, l&#039;empresa FASE va acabar desapareixent, deixant darrere seu un llegat de disseny que avui segueix viu gr\u00e0cies al mercat del col\u00b7leccionisme i l&#039;apreciaci\u00f3 pel vintage. Encara que no es pugui comprar una l\u00e0mpada FASE nova, moltes segueixen circulant en botigues de segona m\u00e0 i plataformes especialitzades, esperant ser redescobertes per nous admiradors del disseny industrial de qualitat.<\/p>\n\n\n\n<p>Al panorama del disseny espanyol, on els miralls sol i altres peces de mobiliari tamb\u00e9 ocupen un lloc destacat, els llums FASE han aconseguit una cosa que pocs objectes aconsegueixen: ser reconegudes i admirades a nivell internacional sense necessitat de grans campanyes de m\u00e0rqueting ni noms de dissenyadors famosos al darrere. <\/p>\n\n\n\n<p>\u00c9s, en definitiva, un s\u00edmbol del que \u00e9s ben fet, del que \u00e9s durador, i de com un bon disseny pot transcendir d\u00e8cades sense perdre gens ni mica del seu atractiu.<\/p>\n\n\n\n<p><\/p>","protected":false},"excerpt":{"rendered":"<p>Pel que fa a l\u00e0mpades, ens hem anat a Alemanya (Ingo Maurer), a Dinamarca (Verner Panton), ia It\u00e0lia (Castiglioni i Joe Colombo), un parell de vegades. Avui ens quedem a casa.<\/p>","protected":false},"author":3,"featured_media":105,"comment_status":"closed","ping_status":"closed","sticky":false,"template":"","format":"standard","meta":{"_acf_changed":false,"footnotes":""},"categories":[2844,2846],"tags":[2881,2870,2871],"class_list":["post-104","post","type-post","status-publish","format-standard","has-post-thumbnail","hentry","category-hogar","category-espacios-y-vida","tag-mobiliario","tag-diseno","tag-interiorismo"],"acf":[],"_links":{"self":[{"href":"https:\/\/www.monapart.com\/magazine\/ca\/wp-json\/wp\/v2\/posts\/104","targetHints":{"allow":["GET"]}}],"collection":[{"href":"https:\/\/www.monapart.com\/magazine\/ca\/wp-json\/wp\/v2\/posts"}],"about":[{"href":"https:\/\/www.monapart.com\/magazine\/ca\/wp-json\/wp\/v2\/types\/post"}],"author":[{"embeddable":true,"href":"https:\/\/www.monapart.com\/magazine\/ca\/wp-json\/wp\/v2\/users\/3"}],"replies":[{"embeddable":true,"href":"https:\/\/www.monapart.com\/magazine\/ca\/wp-json\/wp\/v2\/comments?post=104"}],"version-history":[{"count":0,"href":"https:\/\/www.monapart.com\/magazine\/ca\/wp-json\/wp\/v2\/posts\/104\/revisions"}],"wp:featuredmedia":[{"embeddable":true,"href":"https:\/\/www.monapart.com\/magazine\/ca\/wp-json\/wp\/v2\/media\/105"}],"wp:attachment":[{"href":"https:\/\/www.monapart.com\/magazine\/ca\/wp-json\/wp\/v2\/media?parent=104"}],"wp:term":[{"taxonomy":"category","embeddable":true,"href":"https:\/\/www.monapart.com\/magazine\/ca\/wp-json\/wp\/v2\/categories?post=104"},{"taxonomy":"post_tag","embeddable":true,"href":"https:\/\/www.monapart.com\/magazine\/ca\/wp-json\/wp\/v2\/tags?post=104"}],"curies":[{"name":"wp","href":"https:\/\/api.w.org\/{rel}","templated":true}]}}