{"id":1034,"date":"2021-03-11T11:43:08","date_gmt":"2021-03-11T10:43:08","guid":{"rendered":"https:\/\/www.monapart.com\/magazine\/?p=1034"},"modified":"2025-06-20T16:49:54","modified_gmt":"2025-06-20T14:49:54","slug":"entrevista-com-crear-histories","status":"publish","type":"post","link":"https:\/\/www.monapart.com\/magazine\/ca\/hogar\/entrevista-como-crear-historias","title":{"rendered":"Reconnectant urbe i natura: Entrevista a \u2018c\u00f3mo crear historias\u2019"},"content":{"rendered":"<h1 class=\"wp-block-heading\">Reconnectant urbe i natura: Entrevista a \u2018c\u00f3mo crear historias\u2019<\/h1>\n\n\n\n<h2 class=\"wp-block-heading\">En aquesta entrevista ens comparteixen amb detall el seu proc\u00e9s creatiu i el seu concepte de \u00abdisseny regeneratiu\u00bb.<\/h2>\n\n\n<div class='post-info'>11 de mar\u00e7 de 2021 per <a href='https:\/\/www.monapart.com\/magazine\/ca\/autor\/monapart'>Monapart<\/a><\/div>\n\n\n\n<p class=\"wp-block-paragraph\">Si posessis en una coctelera un arquitecte, un psic\u00f2leg, un paisatgista, un bi\u00f2leg i un dissenyador, el resultat no seria un acudit, sin\u00f3 ben al contrari. El t\u00e0ndem format per <a href=\"https:\/\/www.linkedin.com\/in\/monicagarciafernandez-comocrearhistorias\/\" target=\"_blank\" rel=\"noopener\">M\u00f2nica<\/a> i <a href=\"https:\/\/www.linkedin.com\/in\/javier-rubio-montero-1aa252b0\/\" target=\"_blank\" rel=\"noopener\">Xavier<\/a>, les ments al capdavant de <a href=\"https:\/\/comocrearhistorias.com\/\" target=\"_blank\" rel=\"noopener\">\u2018com crear hist\u00f2ries\u2019<\/a>, conjuga com pocs all\u00f2 urb\u00e0 i all\u00f2 rural, creant relats que sempre posen al centre les persones i les seves necessitats, i que aterren en forma de projectes arquitect\u00f2nics integradors i sostenibles que aconsegueixen espr\u00e9mer el millor dels seus entorns. <\/p>\n\n\n\n<figure class=\"wp-block-image\"><img decoding=\"async\" src=\"https:\/\/www.monapart.com\/sites\/default\/files\/styles\/scale_960xn_\/public\/mediabrowser\/01-entrevista-como-crear-historias-monapart.jpg?itok=CJckr4tL\" alt=\"Reconnectant urbe i natura: Entrevista a &#039;c\u00f3mo crear historias&#039; | Monapart\" title=\"Entrevista &#039;com crear hist\u00f2ries&#039;\"\/><\/figure>\n\n\n\n<p class=\"wp-block-paragraph\">Foto: \u00a9 Craus Fotograf\u00edas<\/p>\n\n\n\n<h5 class=\"wp-block-heading has-medium-font-size\">Parleu-nos de vosaltres i de la vostra feina. On va n\u00e9ixer la vostra vocaci\u00f3? Algun primer record?<\/h5>\n\n\n\n<p class=\"wp-block-paragraph\">El nostre estudi d'arquitectura i paisatge, \u2018c\u00f3mo crear historias\u2019 (<a href=\"https:\/\/www.instagram.com\/comocrearhistorias\/\" target=\"_blank\" rel=\"noopener\">@comocrearhistorias<\/a> a Instagram), va n\u00e9ixer fa 19 anys. Ens diem aix\u00ed perqu\u00e8 els nostres projectes s\u00f3n generadors de viv\u00e8ncies i en si mateixos s\u00f3n anomenats com a hist\u00f2ries on els protagonistes dels espais s\u00f3n les persones juntament amb altres \u00e9ssers vius i el seu entorn. Estem condicionats per la ciutat i l'entorn en qu\u00e8 vivim perqu\u00e8 determina en gran mesura les nostres relacions, el nostre benestar i la nostra creativitat.<\/p>\n\n\n\n<p class=\"wp-block-paragraph\">Res m\u00e9s comen\u00e7ar ens vam adonar que el que m\u00e9s ens apasiona, juntament amb l'arquitectura i crear hist\u00f2ries, \u00e9s el paisatge; els processos naturals; la integraci\u00f3 de la natura en el medi constru\u00eft i a l'inrev\u00e9s; el seu vincle amb les persones i altres \u00e9ssers vius; el benestar que generen i la seva capacitat per estimular la creativitat. El que fem \u00e9s crear llocs que integren solucions basades en la natura, naturalitzem espais tenint en compte les persones i altres \u00e9ssers vius a trav\u00e9s de la biof\u00edlia. En definitiva, fem disseny regeneratiu.<\/p>\n\n\n\n<p class=\"wp-block-paragraph\">El nostre inter\u00e8s per aquests temes sorgeix de quatre necessitats: la creativitat; el contacte amb la natura; la cura i el suport mutu entre els \u00e9ssers vius a m\u00e9s de la mitigaci\u00f3 i l'adaptaci\u00f3 al canvi clim\u00e0tic; i la incorporaci\u00f3 en projectes de l'economia circular.<\/p>\n\n\n\n<h5 class=\"wp-block-heading has-medium-font-size\">Qu\u00e8 \u00e9s el que m\u00e9s us satisf\u00e0 de la vostra feina? Alg\u00fa del que us sentiu especialment orgullosos?<\/h5>\n\n\n\n<p class=\"wp-block-paragraph\">L'acte de crear, en si mateix, \u00e9s molt satisfactori, aix\u00ed com poder vincular-lo al paisatge, a les persones i a altres \u00e9ssers vius que habiten els espais, tant si \u00e9s en interiors com en exteriors. Des dels primers moments on tot \u00e9s possible, passant pel proc\u00e9s d'investigaci\u00f3 que precedeix tot projecte, les primeres idees il\u00b7lusionants, el lliurament final i veure com creix quan l'habiten.<\/p>\n\n\n\n<p class=\"wp-block-paragraph\">Tots els projectes tenen una part de nosaltres. Uns han sigut m\u00e9s intensos que uns altres. El que ens ha deixat una gran empremta \u00e9s \u201c<a href=\"https:\/\/comocrearhistorias.com\/proyecto\/la-misteriosa-historia-del-jardin-que-produce-agua\/\" target=\"_blank\" rel=\"noopener\">La misteriosa hist\u00f2ria del jard\u00ed que produeix aigua<\/a>\u201d.<\/p>\n\n\n\n<figure class=\"wp-block-image\"><img decoding=\"async\" src=\"https:\/\/www.monapart.com\/sites\/default\/files\/styles\/scale_960xn_\/public\/mediabrowser\/02-entrevista-como-crear-historias-monapart.jpg?itok=4GYxriQw\" alt=\"Reconnectant urbe i natura: Entrevista a &#039;c\u00f3mo crear historias&#039; | Monapart\" title=\"Entrevista sobre com crear hist\u00f2ries\"\/><\/figure>\n\n\n\n<p class=\"wp-block-paragraph\">Foto: \u00a9 David Frutos<\/p>\n\n\n\n<p class=\"wp-block-paragraph\">Aquest lloc era un gran buit, una ferida a l'esquena de la zona alta de Ceheg\u00edn. Mitjan\u00e7ant un proc\u00e9s de renaturalitzaci\u00f3 urbana, vam alleujar una gran desconexi\u00f3 al nucli antic. Vam generar un espai p\u00fablic d'on brolla un jard\u00ed vertical i horitzontal on la flora atrau la fauna, aportant biodiversitat a l'entorn. Amb l'ajuda de plantes de ribera, depurem l'aigua bruta generada a la part alta del municipi. Obtenim aix\u00ed aigua apta per al reg del jard\u00ed.<\/p>\n\n\n\n<p class=\"wp-block-paragraph\">Recuperem els camins naturals dels passejants, els <em>camins de desig<\/em>, fent possible el gaudi d'un mar de cobertes i horts murcians. Fins i tot amaguem, a la butxaca del passeig, un edifici que allotja un viver d'empreses, un espai de *coworking* amb oficines compartides on emergeixen iniciatives la creativitat de les quals es veu estimulada per aquest fant\u00e0stic entorn creat.<\/p>\n\n\n\n<p class=\"wp-block-paragraph\">Crear aquest espai, veure'l funcionar i que les persones que el gaudeixen l'apreci\u00efn i fins i tot t'ho agraeixin, fa que valguin la pena tots els anys de treball invertits.<\/p>\n\n\n\n<figure class=\"wp-block-image\"><img decoding=\"async\" src=\"https:\/\/www.monapart.com\/sites\/default\/files\/styles\/scale_960xn_\/public\/mediabrowser\/03-entrevista-como-crear-historias-monapart.jpg?itok=nNiXDuZQ\" alt=\"Reconnectant urbe i natura: Entrevista a &#039;c\u00f3mo crear historias&#039; | Monapart\" title=\"entrevista-com-crear-histories-monapart\"\/><\/figure>\n\n\n\n<p class=\"wp-block-paragraph\">Foto: \u00a9 David Frutos<\/p>\n\n\n\n<h5 class=\"wp-block-heading has-medium-font-size\">Com \u00e9s el vostre proc\u00e9s creatiu? Quines s\u00f3n les vostres fonts d&#039;inspiraci\u00f3?<\/h5>\n\n\n\n<p class=\"wp-block-paragraph\">La nostra inspiraci\u00f3 s\u00f3n precisament aquelles ferides del lloc que localitzem mitjan\u00e7ant una investigaci\u00f3 transversal, des de diverses aproximacions: psicologia ambiental, medi ambient, biologia\u2026<\/p>\n\n\n\n<p class=\"wp-block-paragraph\">Busquem aquesta inspiraci\u00f3 des d'un doble plantejament: a escala humana, a trav\u00e9s de l'observaci\u00f3, la investigaci\u00f3 de les petjades del lloc, el seu ecosistema, el paisatge cultural i la participaci\u00f3 de les persones que habiten els espais per a realitzar una mena d'an\u00e0lisi etnogr\u00e0fica vinculada a l'entorn que serveixi de base per al disseny. Entrella\u00e7at amb el repte de l'escala humana incorporem una s\u00e8rie d'estrat\u00e8gies de renaturalitzaci\u00f3 a trav\u00e9s de solucions basades en la natura.<\/p>\n\n\n\n<p class=\"wp-block-paragraph\">A partir del proc\u00e9s d'investigaci\u00f3 desenvolupem un relat el t\u00edtol del qual en si mateix \u00e9s tot un microrrelat. La hist\u00f2ria va sorgint i filant el projecte mitjan\u00e7ant la interacci\u00f3 amb l'entorn i les persones. \u00c9s un proc\u00e9s iteratiu i artesanal d'anada i tornada cont\u00ednua. El relat alimenta el projecte i viceversa. Anem del dibuix a m\u00e0 al\u00e7ada, que ens permet anar descobrint una hist\u00f2ria en l'acte de dibuixar, per despr\u00e9s passar a l'ordinador i tractar el dibuix mitjan\u00e7ant CAD. El nou dibuix s'imprimeix, damunt se' hi col\u00b7loca un paper transl\u00facid i es torna a dibuixar a m\u00e0. Aquest dibuix es torna a passar a CAD i aix\u00ed fins que arribem a con\u00e8ixer b\u00e9 el relat per poder explicar-lo. El dibuix a m\u00e0 al\u00e7ada fa que les dades investigades vagin resonant al nostre cap i a poc a poc descobrim la hist\u00f2ria que necessita el lloc.<\/p>\n\n\n\n<figure class=\"wp-block-image\"><img decoding=\"async\" src=\"https:\/\/www.monapart.com\/sites\/default\/files\/styles\/scale_960xn_\/public\/mediabrowser\/04-entrevista-como-crear-historias-monapart.jpg?itok=4c5oj_qS\" alt=\"Reconnectant urbe i natura: Entrevista a &#039;c\u00f3mo crear historias&#039; | Monapart\" title=\"entrevista-com-crear-histories-monapart\"\/><\/figure>\n\n\n\n<p class=\"wp-block-paragraph\">\u00a9 Com crear hist\u00f2ries<\/p>\n\n\n\n<h5 class=\"wp-block-heading has-medium-font-size\">Color, llibre, pel\u00b7li i disc favorits. Per aquest ordre! ;D<\/h5>\n\n\n\n<p class=\"wp-block-paragraph\">Blau turquesa.<\/p>\n\n\n\n<p class=\"wp-block-paragraph\"><em>La vida, instruccions d'\u00fas,<\/em> de George Perec.<\/p>\n\n\n\n<p class=\"wp-block-paragraph\"><em>In the Mood for Love<\/em>, de Wong Kar Wai.<\/p>\n\n\n\n<p class=\"wp-block-paragraph\"><em>Music for Airports<\/em>, de Brian Eno.<\/p>\n\n\n\n<figure class=\"wp-block-embed is-type-rich is-provider-spotify wp-block-embed-spotify wp-embed-aspect-21-9 wp-has-aspect-ratio\"><div class=\"wp-block-embed__wrapper\">\n<iframe title=\"Incrustaci\u00f3 de Spotify: Ambient 1: Music For Airports (Remastered 2004)\" style=\"border-radius: 12px\" width=\"100%\" height=\"352\" frameborder=\"0\" allowfullscreen allow=\"autoplay; clipboard-write; encrypted-media; fullscreen; picture-in-picture\" loading=\"lazy\" src=\"https:\/\/open.spotify.com\/embed\/album\/063f8Ej8rLVTz9KkjQKEMa?go=1&#038;sp_cid=fd727a3e1f73196193831a97f99a4aab&#038;utm_source=oembed&#038;utm_medium=desktop&#038;nd=1&#038;dlsi=bc3ab18d70b8461b\"><\/iframe>\n<\/div><\/figure>\n\n\n\n<h5 class=\"wp-block-heading has-medium-font-size\">\u00c9s la vostra casa un reflex de qui sou? Expliqueu-nos a qu\u00e8 fa olor, el vostre rac\u00f3 preferit, objecte decoratiu o moble fetitxe, si atresoreu alguna col\u00b7lecci\u00f3...<\/h5>\n\n\n\n<p class=\"wp-block-paragraph\">La nostra casa est\u00e0 molt vinculada a la nostra manera de vida i a qui som. Tot est\u00e0 relacionat i encaixa com un trencaclosques. \u00c9s un lloc on all\u00f2 dom\u00e8stic i el proc\u00e9s creatiu es donen la m\u00e0. Col\u00b7leccionem m\u00fasica, plantes i llibres que ens serveixen d'inspiraci\u00f3 en el proc\u00e9s creatiu. Junts enriqueixen l'espai i el transformen en un oasi.<\/p>\n\n\n\n<h5 class=\"wp-block-heading has-medium-font-size\">Si pogu\u00e9ssiu comprar-vos qualsevol cosa ara mateix i emporteu-vos-la a casa, quina seria? Qualsevol cosa!<\/h5>\n\n\n\n<p class=\"wp-block-paragraph\">La Lounge Chair de Charles &amp; Ray Eames.<\/p>\n\n\n\n<figure class=\"wp-block-image\"><img decoding=\"async\" src=\"https:\/\/www.monapart.com\/sites\/default\/files\/styles\/scale_960xn_\/public\/mediabrowser\/05-entrevista-como-crear-historias-monapart.jpg?itok=0G3p8jSh\" alt=\"Reconnectant urbe i natura: Entrevista a &#039;c\u00f3mo crear historias&#039; | Monapart\" title=\"entrevista-com-crear-histories-monapart\"\/><\/figure>\n\n\n\n<h5 class=\"wp-block-heading has-medium-font-size\">Un pla a casa sempre inclou\u2026<\/h5>\n\n\n\n<p class=\"wp-block-paragraph\">Una bona s\u00e8rie i veure un episodi rere l'altre.<\/p>\n\n\n\n<h5 class=\"wp-block-heading has-medium-font-size\">Teniu algun plat estrella?<\/h5>\n\n\n\n<p class=\"wp-block-paragraph\">Sushi!<\/p>\n\n\n\n<h5 class=\"wp-block-heading has-medium-font-size\">Quin \u00e9s el vostre lloc favorit a la vostra ciutat? I a l&#039;estranger?<\/h5>\n\n\n\n<p class=\"wp-block-paragraph\">Vivim a Rivas i el nostre lloc preferit aqu\u00ed \u00e9s una passejada pel Parc Regional del Sud-est. A l'estranger, l'Estufa Freda a Lisboa i el Parc Hoge Veluwe als Pa\u00efsos Baixos.<\/p>\n\n\n\n<h5 class=\"wp-block-heading has-medium-font-size\">Cosa que ens vulgueu explicar i que no us h\u00e0gim preguntat. Parleu ara o calleu per sempre!<\/h5>\n\n\n\n<p class=\"wp-block-paragraph\">Per a nosaltres, cada projecte \u00e9s \u00fanic. Treballem amb una xarxa de professionals de diferents disciplines per crear un equip de treball que s'ajusti a cada projecte o podem formar part d'un equip de treball. Sempre estem buscant persones que necessitin la nostra creativitat per millorar el seu entorn a trav\u00e9s de la integraci\u00f3 de la natura en l'arquitectura. Si ets una d'elles, ja saps on trobar-nos.<\/p>\n\n\n\n<h3 class=\"wp-block-heading\">Des del seu estudi \u2018c\u00f3mo crear historias\u2019, la M\u00f2nica i en Javier ens conviden a mirar l'arquitectura i el disseny des d'una nova perspectiva: m\u00e9s humana, m\u00e9s connectada amb l'entorn i m\u00e9s oberta al que \u00e9s viu. Els seus projectes no nom\u00e9s transformen espais, sin\u00f3 tamb\u00e9 les maneres d'habitar-los, recordant-nos que les ciutats poden (i han de) dialogar amb la natura. Perqu\u00e8 reconectar urba i natura no nom\u00e9s \u00e9s possible, sin\u00f3 necessari. I ells, sens dubte, saben com explicar-ho.<\/h3>","protected":false},"excerpt":{"rendered":"<p>Si metieras en una coctelera a un arquitecto, un psic\u00f3logo, un paisajista, un bi\u00f3logo y un dise\u00f1ador, el resultado no ser\u00eda un chiste, sino todo lo contrario. El t\u00e1ndem formado por M\u00f3nica y Javier, las mentes al frente de &#8216;c\u00f3mo crear historias&#8217;, conjuga como pocos lo urbano y lo rural, creando relatos que siempre ponen en el centro a las personas y sus necesidades, y que aterrizan en forma de proyectos arquitect\u00f3nicos integradores y sostenibles que logran exprimir lo mejor de sus entornos. <\/p>","protected":false},"author":3,"featured_media":1035,"comment_status":"closed","ping_status":"closed","sticky":false,"template":"","format":"standard","meta":{"_acf_changed":false,"footnotes":""},"categories":[2844,2845],"tags":[2885],"class_list":["post-1034","post","type-post","status-publish","format-standard","has-post-thumbnail","hentry","category-hogar","category-mi-monapart","tag-arquitectura"],"acf":[],"_links":{"self":[{"href":"https:\/\/www.monapart.com\/magazine\/ca\/wp-json\/wp\/v2\/posts\/1034","targetHints":{"allow":["GET"]}}],"collection":[{"href":"https:\/\/www.monapart.com\/magazine\/ca\/wp-json\/wp\/v2\/posts"}],"about":[{"href":"https:\/\/www.monapart.com\/magazine\/ca\/wp-json\/wp\/v2\/types\/post"}],"author":[{"embeddable":true,"href":"https:\/\/www.monapart.com\/magazine\/ca\/wp-json\/wp\/v2\/users\/3"}],"replies":[{"embeddable":true,"href":"https:\/\/www.monapart.com\/magazine\/ca\/wp-json\/wp\/v2\/comments?post=1034"}],"version-history":[{"count":3,"href":"https:\/\/www.monapart.com\/magazine\/ca\/wp-json\/wp\/v2\/posts\/1034\/revisions"}],"predecessor-version":[{"id":16050,"href":"https:\/\/www.monapart.com\/magazine\/ca\/wp-json\/wp\/v2\/posts\/1034\/revisions\/16050"}],"wp:featuredmedia":[{"embeddable":true,"href":"https:\/\/www.monapart.com\/magazine\/ca\/wp-json\/wp\/v2\/media\/1035"}],"wp:attachment":[{"href":"https:\/\/www.monapart.com\/magazine\/ca\/wp-json\/wp\/v2\/media?parent=1034"}],"wp:term":[{"taxonomy":"category","embeddable":true,"href":"https:\/\/www.monapart.com\/magazine\/ca\/wp-json\/wp\/v2\/categories?post=1034"},{"taxonomy":"post_tag","embeddable":true,"href":"https:\/\/www.monapart.com\/magazine\/ca\/wp-json\/wp\/v2\/tags?post=1034"}],"curies":[{"name":"wp","href":"https:\/\/api.w.org\/{rel}","templated":true}]}}