{"id":102,"date":"2012-12-05T11:57:29","date_gmt":"2012-12-05T10:57:29","guid":{"rendered":"https:\/\/www.monapart.com\/magazine\/?p=102"},"modified":"2025-07-31T11:11:48","modified_gmt":"2025-07-31T09:11:48","slug":"nadal-do-it-yourself","status":"publish","type":"post","link":"https:\/\/www.monapart.com\/magazine\/ca\/hogar\/navidad-do-it-yourself","title":{"rendered":"Nadal Do It Yourself"},"content":{"rendered":"<h1 class=\"wp-block-heading\">Nadal Do It Yourself<\/h1>\n\n\n\n<h2 class=\"wp-block-heading\">El Nadal \u00e9s a tocar i ha arribat el moment d&#039;engalanar les llars per celebrar les festes. Per aix\u00f2 hem recopilat un llistat de consells DIY que t&#039;ajudaran a decorar casa teva amb adorns molt f\u00e0cils de fer, bons, bonics i sobretot barats.<\/h2>\n\n\n<div class='post-info'>5 de desembre de 2012 per <a href='https:\/\/www.monapart.com\/magazine\/ca\/autor\/monapart'>Monapart<\/a><\/div>\n\n\n\n<p>El Nadal \u00e9s a la cantonada, <a href=\"https:\/\/www.youtube.com\/watch?v=_-aMV2xXdps\" target=\"_blank\" rel=\"noreferrer noopener\"><em>Christmas is all around<\/em><\/a> com diria Billy Mack, i ha arribat el moment d&#039;engalanar les llars per celebrar amb familiars i amics les properes festes. Per\u00f2 com que el malbaratament no est\u00e0 a l&#039;ordre del dia, a Monapart hem volgut recopilar un llistat de <strong>consells pr\u00e0ctics<\/strong> que t&#039;ajudaran a <strong>decorar casa teva amb adorns<\/strong> molt f\u00e0cils de fer, bons, bonics i sobretot, barats.<\/p>\n\n\n\n<p>Si ja tens <strong>arbre<\/strong> <strong>de Nadal<\/strong> o recicles el de l&#039;any passat, us proposem un munt d&#039;opcions per adornar-lo. Des de <a href=\"http:\/\/kiwidutch.wordpress.com\/2011\/12\/02\/new-528\/\" target=\"_blank\" rel=\"noreferrer noopener\">boles de roba de filtre<\/a> i <a href=\"http:\/\/decorareciclaimagina.blogspot.com.es\/2011\/11\/adornos-de-navidad-christmas-ornament.html\" target=\"_blank\" rel=\"noreferrer noopener\">estrelles fetes amb fils de llana<\/a>, passant per penjolls fabricats <a href=\"http:\/\/pinterest.com\/pin\/229965124694184112\/\" target=\"_blank\" rel=\"noreferrer noopener\">amb peces d&#039;ordinador i CD<\/a>&#039;so <a href=\"http:\/\/decopez.blogspot.com.es\/2011\/12\/burbujas-de-navidadcon-palos-de-helado.html\" target=\"_blank\" rel=\"noreferrer noopener\">amb els palets dels gelats<\/a>, Fins <a href=\"http:\/\/lafactoriaplastica.com\/?p=12354\" target=\"_blank\" rel=\"noreferrer noopener\">peces amb cacauets<\/a>!<\/p>\n\n\n\n<figure class=\"wp-block-image\"><img decoding=\"async\" src=\"https:\/\/www.monapart.com\/sites\/default\/files\/styles\/scale_960x960_\/public\/mediabrowser\/bolas-tela-filtro-adorno-navidad.jpg?itok=8ujYlJzL\" alt=\"Nadal Do It Yourself | Monapart \"\/><\/figure>\n\n\n\n<figure class=\"wp-block-image\"><img decoding=\"async\" src=\"https:\/\/www.monapart.com\/sites\/default\/files\/styles\/scale_960x960_\/public\/mediabrowser\/adornos-hilo-lana-navidad.jpg?itok=U2PFxI2Q\" alt=\"Nadal Do It Yourself | Monapart \"\/><\/figure>\n\n\n\n<figure class=\"wp-block-image\"><img decoding=\"async\" src=\"https:\/\/www.monapart.com\/sites\/default\/files\/styles\/scale_960x960_\/public\/mediabrowser\/adornos-con-cds-navidad_0.jpg?itok=F_6JgGIs\" alt=\"Nadal Do It Yourself | Monapart \"\/><\/figure>\n\n\n\n<figure class=\"wp-block-image\"><img decoding=\"async\" src=\"https:\/\/www.monapart.com\/sites\/default\/files\/styles\/scale_960x960_\/public\/mediabrowser\/adornos-navidad-con-cacahuetes.jpg?itok=aHly07Vo\" alt=\"Nadal Do It Yourself | Monapart \"\/><\/figure>\n\n\n\n<p>Una opci\u00f3 m\u00e9s sostenible s\u00f3n les figuretes de <a href=\"http:\/\/maamabcn.blogspot.com.es\/2010\/12\/diy-adornos-navidenos.html\" target=\"_blank\" rel=\"noreferrer noopener\">retalls de roba usada<\/a> que ens ensenya a fer Caterina Perez de Kireei i per als m\u00e9s manetes, el llibre <strong><em>55 Christmas Balls to Knit<\/em><\/strong> dels dissenyadors noruecs <strong><a href=\"http:\/\/www.arne-carlos.com\/\" target=\"_blank\" rel=\"noreferrer noopener\">Arne and Carlos<\/a><\/strong>, que revela una infinitat de patrons inspirats en models n\u00f2rdics per teixir boles de llana.<\/p>\n\n\n\n<figure class=\"wp-block-image\"><img decoding=\"async\" src=\"https:\/\/www.monapart.com\/sites\/default\/files\/styles\/scale_960x960_\/public\/mediabrowser\/55-christmas-balls-to-knit-book.jpg?itok=uBqE2-8i\" alt=\"Nadal Do It Yourself | Monapart \"\/><\/figure>\n\n\n\n<p>Si no tens prou espai a casa o vius amb un fel\u00ed que arrasa per on passa, et recomanem crear un mural a qualsevol superf\u00edcie plana. Heus aqu\u00ed algunes <a href=\"http:\/\/www.shelterness.com\/5-wall-mount-christmas-trees-of-objects\/\" target=\"_blank\" rel=\"noreferrer noopener\">mostres<\/a> precioses fetes amb tot tipus de peces i artefactes casolans i tamb\u00e9 amb les t\u00edpiques <strong><a href=\"http:\/\/www.shelterness.com\/diy-wall-light-christmas-tree\/\" target=\"_blank\" rel=\"noreferrer noopener\">tires de llums nadalenques<\/a><\/strong>. Propostes m\u00e9s ecol\u00f2giques com <a href=\"http:\/\/pinterest.com\/pin\/157555686935098433\/\" target=\"_blank\" rel=\"noreferrer noopener\">aquest<\/a> arbre de cartr\u00f3 o <a href=\"http:\/\/www.thesweetestoccasion.com\/2011\/11\/diy-christmas-tree-ornaments\/\" target=\"_blank\" rel=\"noreferrer noopener\">aquest<\/a> un altre fet amb paper de diari.<\/p>\n\n\n\n<figure class=\"wp-block-image\"><img decoding=\"async\" src=\"https:\/\/www.monapart.com\/sites\/default\/files\/styles\/scale_960x960_\/public\/mediabrowser\/adornos-arboles-navidad.jpg?itok=XQfULhXK\" alt=\"Nadal Do It Yourself | Monapart \"\/><\/figure>\n\n\n\n<figure class=\"wp-block-image\"><img decoding=\"async\" src=\"https:\/\/www.monapart.com\/sites\/default\/files\/styles\/scale_960x960_\/public\/mediabrowser\/adorno-arbol-papel-periodico-navidad.jpg?itok=CEJXfwUH\" alt=\"Nadal Do It Yourself | Monapart \"\/><\/figure>\n\n\n\n<p>Perqu\u00e8 els teus convidats flipin en colors quan arribin a casa teva, pots utilitzar alguna de les idees per fer corones de Nadal que hem trobat a <a href=\"http:\/\/www.thesweetestoccasion.com\/2011\/11\/diy-christmas-tree-ornaments\/\" target=\"_blank\" rel=\"noreferrer noopener\">Bricom\u00e0nies<\/a>. Tamb\u00e9 pots reinventar elements decoratius carrinclones amb propostes molt m\u00e9s originals, com els <strong>trofeus de ca\u00e7a<\/strong> de <a href=\"http:\/\/www.softheads.net\/\" target=\"_blank\" rel=\"noopener\">Softheads<\/a> o <a href=\"http:\/\/www.goodhousekeeping.com\/holidays\/christmas-ideas\/scandinavian-christmas-decorations#slide-3\" target=\"_blank\" rel=\"noreferrer noopener\">els caps de ren de cartr\u00f3<\/a>. I qu\u00e8 dir dels flocs de neu amb <a href=\"\/magazine\/ca\/node\/527\/\" target=\"_blank\" rel=\"noreferrer noopener\">tapets<\/a> o <a href=\"http:\/\/lafactoriaplastica.com\/?p=12588\" target=\"_blank\" rel=\"noreferrer noopener\">paper maix\u00e9<\/a> per donar un aire hivernal a les finestres\u2026<\/p>\n\n\n\n<figure class=\"wp-block-image\"><img decoding=\"async\" src=\"https:\/\/www.monapart.com\/sites\/default\/files\/styles\/scale_960x960_\/public\/mediabrowser\/coronas-de-navidad-con-materiales-reciclados.jpg?itok=9NcwhM8O\" alt=\"Nadal Do It Yourself | Monapart \"\/><\/figure>\n\n\n\n<p>No ens oblidem dels <strong>pessebres<\/strong>, amb mula i burro inclusivament, ni dels <strong>Reis Mags<\/strong> (andalusos o de la Conchinchina). Tampoc no podem desmer\u00e8ixer el nostre emblem\u00e0tic <strong>Ti\u00f3<\/strong>, aquesta vegada en versi\u00f3 croch\u00e9 per apaivagar millor els pals.<\/p>\n\n\n\n<figure class=\"wp-block-image\"><img decoding=\"async\" src=\"https:\/\/www.monapart.com\/sites\/default\/files\/styles\/scale_960x960_\/public\/mediabrowser\/pesebre-playmobil-y-cagatio.jpg?itok=XxewNM1Z\" alt=\"Nadal Do It Yourself | Monapart \"\/><\/figure>\n\n\n\n<p>Pren nota, monaparter, i posa&#039;t mans a l&#039;obra. Aquesta <strong>Nadal<\/strong> ser\u00e0, m\u00e9s que mai, feta a casa.<\/p>\n\n\n\n<p><\/p>","protected":false},"excerpt":{"rendered":"<p>El Nadal \u00e9s a tocar i ha arribat el moment d&#039;engalanar les llars per celebrar les festes. Per aix\u00f2 hem recopilat un llistat de consells DIY que t&#039;ajudaran a decorar casa teva amb adorns molt f\u00e0cils de fer, bons, bonics i sobretot barats.<\/p>","protected":false},"author":3,"featured_media":103,"comment_status":"closed","ping_status":"closed","sticky":false,"template":"","format":"standard","meta":{"_acf_changed":false,"footnotes":""},"categories":[2844,2846],"tags":[2902],"class_list":["post-102","post","type-post","status-publish","format-standard","has-post-thumbnail","hentry","category-hogar","category-espacios-y-vida","tag-decoracion"],"acf":[],"_links":{"self":[{"href":"https:\/\/www.monapart.com\/magazine\/ca\/wp-json\/wp\/v2\/posts\/102","targetHints":{"allow":["GET"]}}],"collection":[{"href":"https:\/\/www.monapart.com\/magazine\/ca\/wp-json\/wp\/v2\/posts"}],"about":[{"href":"https:\/\/www.monapart.com\/magazine\/ca\/wp-json\/wp\/v2\/types\/post"}],"author":[{"embeddable":true,"href":"https:\/\/www.monapart.com\/magazine\/ca\/wp-json\/wp\/v2\/users\/3"}],"replies":[{"embeddable":true,"href":"https:\/\/www.monapart.com\/magazine\/ca\/wp-json\/wp\/v2\/comments?post=102"}],"version-history":[{"count":4,"href":"https:\/\/www.monapart.com\/magazine\/ca\/wp-json\/wp\/v2\/posts\/102\/revisions"}],"predecessor-version":[{"id":18493,"href":"https:\/\/www.monapart.com\/magazine\/ca\/wp-json\/wp\/v2\/posts\/102\/revisions\/18493"}],"wp:featuredmedia":[{"embeddable":true,"href":"https:\/\/www.monapart.com\/magazine\/ca\/wp-json\/wp\/v2\/media\/103"}],"wp:attachment":[{"href":"https:\/\/www.monapart.com\/magazine\/ca\/wp-json\/wp\/v2\/media?parent=102"}],"wp:term":[{"taxonomy":"category","embeddable":true,"href":"https:\/\/www.monapart.com\/magazine\/ca\/wp-json\/wp\/v2\/categories?post=102"},{"taxonomy":"post_tag","embeddable":true,"href":"https:\/\/www.monapart.com\/magazine\/ca\/wp-json\/wp\/v2\/tags?post=102"}],"curies":[{"name":"wp","href":"https:\/\/api.w.org\/{rel}","templated":true}]}}