{"id":1018,"date":"2021-02-08T13:13:24","date_gmt":"2021-02-08T12:13:24","guid":{"rendered":"https:\/\/www.monapart.com\/magazine\/?p=1018"},"modified":"2025-04-11T10:38:39","modified_gmt":"2025-04-11T08:38:39","slug":"entrevista-estudi-bombi-gomez","status":"publish","type":"post","link":"https:\/\/www.monapart.com\/magazine\/ca\/hogar\/entrevista-estudio-bombi-gomez","title":{"rendered":"La quinta ess\u00e8ncia de l&#039;espai: Entrevista a Estudi Bomb\u00ed + G\u00f3mez"},"content":{"rendered":"<h1 class=\"wp-block-heading\">La quinta ess\u00e8ncia de l&#039;espai: Entrevista a Estudi Bomb\u00ed + G\u00f3mez<\/h1>\n\n\n\n<h2 class=\"wp-block-heading\">Un proc\u00e9s integral que recull l&#039;ess\u00e8ncia de les ubicacions i les transforma en llars \u00faniques i plenes de llum. <\/h2>\n\n\n<div class='post-info'>8 de febrer de 2021 per <a href='https:\/\/www.monapart.com\/magazine\/ca\/autor\/monapart'>Monapart<\/a><\/div>\n\n\n\n<figure class=\"wp-block-image\"><img decoding=\"async\" src=\"https:\/\/www.monapart.com\/sites\/default\/files\/styles\/scale_960xn_\/public\/mediabrowser\/01-estudio-bombi-gomez.jpg?itok=i4GkyWeV\" alt=\"La quinta ess\u00e8ncia de l&#039;espai: Entrevista a Estudio Bomb\u00ed + G\u00f3mez | Monapart \"\/><\/figure>\n\n\n\n<h3 class=\"wp-block-heading\">Bea, interiorista, i Elvira, arquitecta, s\u00f3n el t\u00e0ndem que d\u00f3na vida a <a href=\"https:\/\/www.bombigomez.com\/\" target=\"_blank\" rel=\"noopener\">Estudi Bomb\u00ed + G\u00f3mez<\/a>. Fent una ullada als projectes en el seu <a href=\"https:\/\/www.instagram.com\/estudiobombigomez\/\" target=\"_blank\" rel=\"noopener\">Instagram<\/a> t&#039;adones r\u00e0pidament compte que a casa seva hi ha espai per a tot\u2026 menys per a la improvisaci\u00f3. Res no els sobra, res no els falta. Del concepte inicial del client fins al desenvolupament complet del projecte, sumant arquitectura, interiorisme, disseny gr\u00e0fic i paisatgisme. La seva <a href=\"https:\/\/www.bombigomez.com\/proyecto\/casa-sanes\/\" target=\"_blank\" rel=\"noopener\">Casa San\u00e9s<\/a>, un gran exemple de la seva ess\u00e8ncia, va ser seleccionada als Dezeen Awards 2020. Coneix m\u00e9s sobre elles a la nostra entrevista.<\/h3>\n\n\n\n<h5 class=\"wp-block-heading has-medium-font-size\"><strong>Parleu-nos de vosaltres i de la vostra feina. On va n\u00e9ixer la vostra vocaci\u00f3?<\/strong><\/h5>\n\n\n\n<p>Sempre ens han interessat els interiors a nivell espacial, la combinaci\u00f3 de materials i la interacci\u00f3 de tot plegat amb la llum. Pensem que la nostra vocaci\u00f3 per l&#039;arquitectura i l&#039;interiorisme va poder n\u00e9ixer per les experi\u00e8ncies viscudes a les nostres fam\u00edlies.<\/p>\n\n\n\n<h5 class=\"wp-block-heading has-medium-font-size\">Qu\u00e8 \u00e9s el que m\u00e9s us satisf\u00e0 de la vostra feina? Alg\u00fa del que us sentiu especialment orgulloses?<\/h5>\n\n\n\n<p>La satisfacci\u00f3 i alegria del client i generar ocupaci\u00f3 al teu voltant. Ens sentim orgulloses de pr\u00e0cticament tots els projectes. Posem molta il\u00b7lusi\u00f3 i hores de feina per petits i\/o senzills que siguin.<\/p>\n\n\n\n<figure class=\"wp-block-image\"><img decoding=\"async\" src=\"https:\/\/www.monapart.com\/sites\/default\/files\/styles\/scale_960xn_\/public\/mediabrowser\/02-estudio-bombi-gomez.jpg?itok=ztgZJcy9\" alt=\"La quinta ess\u00e8ncia de l&#039;espai: Entrevista a Estudio Bomb\u00ed + G\u00f3mez | Monapart \"\/><\/figure>\n\n\n\n<h5 class=\"wp-block-heading has-medium-font-size\">Com \u00e9s el vostre proc\u00e9s creatiu? Quines s\u00f3n les vostres fonts d&#039;inspiraci\u00f3? Alguna m\u00fasica en especial mentre treballeu?<\/h5>\n\n\n\n<p>Va del caos a l&#039;ordre! S\u00f3n moltes les fonts d&#039;inspiraci\u00f3, des d&#039;una pel\u00b7l\u00edcula fins a un paisatge, una obra d&#039;art... dep\u00e8n del moment, per\u00f2 quan dibuixem i estem en ple proc\u00e9s creatiu, el silenci ens ajuda m\u00e9s.<\/p>\n\n\n\n<h5 class=\"wp-block-heading has-medium-font-size\">Color, llibre, pel\u00b7li i can\u00e7\u00f3\/disc favorits. Per aquest ordre! ;D<\/h5>\n\n\n\n<p>Verd i blau fosc i la combinaci\u00f3 amb el cru.<\/p>\n\n\n\n<p><em>Maria Antonieta,<\/em> de Stefan Zweig.<\/p>\n\n\n\n<p><em>Io sono l&#039;amore<\/em>, de Luca Guadagnino.<\/p>\n\n\n\n<p><em>Hymn to Her<\/em>, de Pretenders.<\/p>\n\n\n\n<figure class=\"wp-block-embed is-type-rich is-provider-spotify wp-block-embed-spotify wp-embed-aspect-21-9 wp-has-aspect-ratio\"><div class=\"wp-block-embed__wrapper\">\n<iframe title=\"Spotify Embed: Hymn to Her - 2007 Remaster\" style=\"border-radius: 12px\" width=\"100%\" height=\"152\" frameborder=\"0\" allowfullscreen allow=\"autoplay; clipboard-write; encrypted-media; fullscreen; picture-in-picture\" loading=\"lazy\" src=\"https:\/\/open.spotify.com\/embed\/track\/5go7pj7RuuNBsZRaI86hZl?go=1&#038;sp_cid=fd727a3e1f73196193831a97f99a4aab&#038;utm_source=oembed&#038;utm_medium=desktop&#038;nd=1&#038;dlsi=8f374bd47ffb4e20\"><\/iframe>\n<\/div><\/figure>\n\n\n\n<h5 class=\"wp-block-heading has-medium-font-size\"><strong>S\u00f3n les vostres cases reflex dels qui sou? Expliqueu-nos qu\u00e8 fan olor, el vostre rac\u00f3 favorit, objecte decoratiu o moble fetitxe, si atresoreu alguna col\u00b7lecci\u00f3\u2026 I si teniu mascota, presenteu-nos-la!<\/strong><\/h5>\n\n\n\n<p>Les nostres llars s\u00f3n reflex de les vides que portem. Fan olor a aire fresc, i ara encara m\u00e9s, ja que estan permanentment ventilades. El nostre rac\u00f3 favorit \u00e9s aquell que et demana el cos segons el moment, ja sigui la cuina per cuinar, una butaca amb llibres o el sof\u00e0 per descansar. El nostre objecte decoratiu fetitxe \u00e9s la <a href=\"http:\/\/miguelmila.com\/es\/project\/tmm\/\" target=\"_blank\" rel=\"noopener\">TMM de Mil\u00e0<\/a>, tant en versi\u00f3 de peu com apliqui. Ens agrada molt l&#039;art i de tant en tant adquirim alguna pe\u00e7a. I s\u00ed, tenim gos!<\/p>\n\n\n\n<figure class=\"wp-block-image\"><img decoding=\"async\" src=\"https:\/\/www.monapart.com\/sites\/default\/files\/styles\/scale_960xn_\/public\/mediabrowser\/03-estudio-bombi-gomez.jpg?itok=1CJbE9Yp\" alt=\"La quinta ess\u00e8ncia de l&#039;espai: Entrevista a Estudio Bomb\u00ed + G\u00f3mez | Monapart \"\/><\/figure>\n\n\n\n<h5 class=\"wp-block-heading has-medium-font-size\">Si pogu\u00e9ssiu comprar-vos qualsevol cosa ara mateix i emporteu-vos-la a casa, quina seria? Qualsevol cosa!<\/h5>\n\n\n\n<p>Pa de la fleca \u00c9s baluard i el <a href=\"https:\/\/www.cassina.com\/es\/coleccion\/mesita\/tabouret-meribel-tabouret-berger\" target=\"_blank\" rel=\"noopener\">tamboret Berger<\/a> de Charlotte Perriand.<\/p>\n\n\n\n<h5 class=\"wp-block-heading has-medium-font-size\">Un pla a casa sempre inclou\u2026<\/h5>\n\n\n\n<p>Un bon dinar o sopar, rialles i vi.<\/p>\n\n\n\n<h5 class=\"wp-block-heading has-medium-font-size\">Teniu algun plat estrella?<\/h5>\n\n\n\n<p>Els p\u00e8sols amb carxofes, botifarra negra i una mica de cansalada.<\/p>\n\n\n\n<h5 class=\"wp-block-heading has-medium-font-size\"><strong>Quin \u00e9s el vostre lloc favorit a la vostra ciutat? I a l&#039;estranger?<\/strong><\/h5>\n\n\n\n<p>En aquests moments en qu\u00e8 la necessitat de natura \u00e9s m\u00e9s gran, Collserola i la Barceloneta. Barcelona \u00e9s una ciutat meravellosa! Fora d&#039;aqu\u00ed, els museus \/ jardins exteriors com el Louisiana Museum, Chillida Leku, Museu Kroller-M\u00fcller\u2026<\/p>\n\n\n\n<h4 class=\"wp-block-heading\"><img decoding=\"async\" src=\"https:\/\/www.monapart.com\/sites\/default\/files\/styles\/scale_960xn_\/public\/mediabrowser\/04-estudio-bombi-gomez.jpg?itok=UCzGa1Fl\" alt=\"La quinta ess\u00e8ncia de l&#039;espai: Entrevista a Estudio Bomb\u00ed + G\u00f3mez | Monapart \" style=\"\"><\/h4>\n\n\n\n<h5 class=\"wp-block-heading has-medium-font-size\">Cosa que ens vulgueu explicar i que no us h\u00e0gim preguntat. Parleu ara o calleu per sempre!<\/h5>\n\n\n\n<p>El 60% del nostre treball el realitzem teletreballant des de fa uns quants anys, tant entre nosaltres com amb els clients. La majoria dels projectes els hem portat a terme amb clients que viuen a l&#039;estranger, per aix\u00f2 les visites d&#039;obres s\u00f3n virtuals. Per aix\u00f2, el desenvolupament gr\u00e0fic i les eines inform\u00e0tiques prenen molta import\u00e0ncia. La situaci\u00f3 actual no \u00e9s nova per a nosaltres!<\/p>\n\n\n\n<h3 class=\"wp-block-heading\">Fent una ullada als seus projectes, de seguida t&#039;adones que a casa seva hi ha espai per a tot\u2026 menys per a la improvisaci\u00f3. Res sobra, no hi falta res. Un proc\u00e9s de treball integral, del concepte inicial del client fins al desenvolupament complet del projecte, sumant arquitectura, interiorisme, disseny gr\u00e0fic i paisatgisme.<\/h3>\n\n\n\n<p><\/p>","protected":false},"excerpt":{"rendered":"<p>Bea, interiorista, y Elvira, arquitecta, son el t\u00e1ndem que da vida a Estudio Bomb\u00ed + G\u00f3mez. Echando un vistazo a la esencia de sus proyectos en su Instagram te das r\u00e1pidamente cuenta que en sus hogares hay espacio para todo&#8230; menos para la improvisaci\u00f3n. Nada les sobra, nada les falta. Del concepto inicial del cliente hasta el desarrollo completo del proyecto, sumando arquitectura, interiorismo, dise\u00f1o gr\u00e1fico y paisajismo. Su Casa San\u00e9s, un gran ejemplo de su esencia, fue seleccionada en los Dezeen Awards 2020. Conoce m\u00e1s sobre ellas en nuestra entrevista.<\/p>","protected":false},"author":3,"featured_media":1019,"comment_status":"closed","ping_status":"closed","sticky":false,"template":"","format":"standard","meta":{"_acf_changed":false,"footnotes":""},"categories":[2844,2845],"tags":[2885,2871],"class_list":["post-1018","post","type-post","status-publish","format-standard","has-post-thumbnail","hentry","category-hogar","category-mi-monapart","tag-arquitectura","tag-interiorismo"],"acf":[],"_links":{"self":[{"href":"https:\/\/www.monapart.com\/magazine\/ca\/wp-json\/wp\/v2\/posts\/1018","targetHints":{"allow":["GET"]}}],"collection":[{"href":"https:\/\/www.monapart.com\/magazine\/ca\/wp-json\/wp\/v2\/posts"}],"about":[{"href":"https:\/\/www.monapart.com\/magazine\/ca\/wp-json\/wp\/v2\/types\/post"}],"author":[{"embeddable":true,"href":"https:\/\/www.monapart.com\/magazine\/ca\/wp-json\/wp\/v2\/users\/3"}],"replies":[{"embeddable":true,"href":"https:\/\/www.monapart.com\/magazine\/ca\/wp-json\/wp\/v2\/comments?post=1018"}],"version-history":[{"count":2,"href":"https:\/\/www.monapart.com\/magazine\/ca\/wp-json\/wp\/v2\/posts\/1018\/revisions"}],"predecessor-version":[{"id":16066,"href":"https:\/\/www.monapart.com\/magazine\/ca\/wp-json\/wp\/v2\/posts\/1018\/revisions\/16066"}],"wp:featuredmedia":[{"embeddable":true,"href":"https:\/\/www.monapart.com\/magazine\/ca\/wp-json\/wp\/v2\/media\/1019"}],"wp:attachment":[{"href":"https:\/\/www.monapart.com\/magazine\/ca\/wp-json\/wp\/v2\/media?parent=1018"}],"wp:term":[{"taxonomy":"category","embeddable":true,"href":"https:\/\/www.monapart.com\/magazine\/ca\/wp-json\/wp\/v2\/categories?post=1018"},{"taxonomy":"post_tag","embeddable":true,"href":"https:\/\/www.monapart.com\/magazine\/ca\/wp-json\/wp\/v2\/tags?post=1018"}],"curies":[{"name":"wp","href":"https:\/\/api.w.org\/{rel}","templated":true}]}}